{"id":3906,"date":"2015-02-10T15:43:09","date_gmt":"2015-02-10T17:43:09","guid":{"rendered":"http:\/\/sindesvdf.com.br\/news\/?p=3906"},"modified":"2015-02-10T15:43:09","modified_gmt":"2015-02-10T17:43:09","slug":"vigilantes-do-ibama-realizam-paralisacao-para-cobrar-pagamento","status":"publish","type":"post","link":"https:\/\/sindesvdf.com.br\/news\/vigilantes-do-ibama-realizam-paralisacao-para-cobrar-pagamento\/","title":{"rendered":"Vigilantes do IBAMA realizam paralisa\u00e7\u00e3o para cobrar pagamento"},"content":{"rendered":"<p><a href=\"http:\/\/sindesvdf.com.br\/news\/wp-content\/uploads\/2015\/02\/Greve-Ibama.jpg\"><img loading=\"lazy\" decoding=\"async\" class=\"aligncenter size-full wp-image-3907\" src=\"http:\/\/sindesvdf.com.br\/news\/wp-content\/uploads\/2015\/02\/Greve-Ibama.jpg\" alt=\"Greve Ibama\" width=\"720\" height=\"526\" \/><\/a><\/p>\n<p style=\"text-align: left;\">Os 64 vigilantes da Aval\u00a0Seguran\u00e7a que prestam servi\u00e7o para\u00a0o Ibama em Bras\u00edlia (DF) cruzaram\u00a0os bra\u00e7os na manh\u00e3 desta ter\u00e7a-feira\u00a0(10\/02) para cobrar o pagamento do\u00a0sal\u00e1rio de janeiro, bem como dos\u00a0vales refei\u00e7\u00e3o e transporte. Desde as\u00a06h da manh\u00e3 o diretor do Sindicato\u00a0dos Vigilantes do DF (SINDESV-DF)\u00a0e da Confedera\u00e7\u00e3o Nacional dos\u00a0Vigilantes (CNTV) Jos\u00e9 Maria de\u00a0Oliveira e os diretores do SINDESV-DF Arley C\u00e2ndido de Jesus e Manoel\u00a0Pereira Batista acompanham os\u00a0trabalhadores na mobiliza\u00e7\u00e3o.<\/p>\n<p style=\"text-align: left;\">Segundo o diretor Jos\u00e9 Maria, o\u00a0IBAMA alegou ter feito o repasse\u00a0das verbas na tarde de segunda-feira\u00a0(09\/02), mas a empresa ainda n\u00e3o\u00a0havia recebido. <em>\u201cN\u00e3o vamos sair\u00a0daqui enquanto o dinheiro n\u00e3o cair\u00a0na conta dos vigilantes\u201d<\/em>, afirmou.\u00a0Os trabalhadores tamb\u00e9m alegam\u00a0terem recebido apenas metade do\u00a0vale-refei\u00e7\u00e3o do m\u00eas de dezembro,\u00a0e cobram que o pagamento do\u00a0restante seja feito ainda hoje.<\/p>\n<p style=\"text-align: right;\"><span style=\"color: #ff0000;\"><em>Fonte: CNTV<\/em><\/span><\/p>\n<p class=\"wpf_wrapper\"><a class=\"print_link\" href=\"\" target=\"_blank\">Preparar para impress\u00e3o<\/a><\/p><!-- .wpf_wrapper -->","protected":false},"excerpt":{"rendered":"<p>Os 64 vigilantes da Aval\u00a0Seguran\u00e7a que prestam servi\u00e7o para\u00a0o Ibama em Bras\u00edlia (DF) cruzaram\u00a0os bra\u00e7os na manh\u00e3 desta ter\u00e7a-feira\u00a0(10\/02) para&hellip; <\/p>\n","protected":false},"author":1,"featured_media":0,"comment_status":"closed","ping_status":"closed","sticky":false,"template":"","format":"standard","meta":{"footnotes":""},"categories":[],"tags":[],"class_list":["post-3906","post","type-post","status-publish","format-standard","hentry"],"jetpack_featured_media_url":"","_links":{"self":[{"href":"https:\/\/sindesvdf.com.br\/news\/wp-json\/wp\/v2\/posts\/3906","targetHints":{"allow":["GET"]}}],"collection":[{"href":"https:\/\/sindesvdf.com.br\/news\/wp-json\/wp\/v2\/posts"}],"about":[{"href":"https:\/\/sindesvdf.com.br\/news\/wp-json\/wp\/v2\/types\/post"}],"author":[{"embeddable":true,"href":"https:\/\/sindesvdf.com.br\/news\/wp-json\/wp\/v2\/users\/1"}],"replies":[{"embeddable":true,"href":"https:\/\/sindesvdf.com.br\/news\/wp-json\/wp\/v2\/comments?post=3906"}],"version-history":[{"count":1,"href":"https:\/\/sindesvdf.com.br\/news\/wp-json\/wp\/v2\/posts\/3906\/revisions"}],"predecessor-version":[{"id":3908,"href":"https:\/\/sindesvdf.com.br\/news\/wp-json\/wp\/v2\/posts\/3906\/revisions\/3908"}],"wp:attachment":[{"href":"https:\/\/sindesvdf.com.br\/news\/wp-json\/wp\/v2\/media?parent=3906"}],"wp:term":[{"taxonomy":"category","embeddable":true,"href":"https:\/\/sindesvdf.com.br\/news\/wp-json\/wp\/v2\/categories?post=3906"},{"taxonomy":"post_tag","embeddable":true,"href":"https:\/\/sindesvdf.com.br\/news\/wp-json\/wp\/v2\/tags?post=3906"}],"curies":[{"name":"wp","href":"https:\/\/api.w.org\/{rel}","templated":true}]}}