{"id":3923,"date":"2015-02-26T11:43:25","date_gmt":"2015-02-26T14:43:25","guid":{"rendered":"http:\/\/sindesvdf.com.br\/news\/?p=3923"},"modified":"2015-02-26T11:43:25","modified_gmt":"2015-02-26T14:43:25","slug":"atencao-vigilantes","status":"publish","type":"post","link":"https:\/\/sindesvdf.com.br\/news\/atencao-vigilantes\/","title":{"rendered":"ATEN\u00c7\u00c3O VIGILANTES"},"content":{"rendered":"<p><a href=\"http:\/\/sindesvdf.com.br\/news\/wp-content\/uploads\/2015\/02\/cabeca-e1424961662372.jpg\"><img loading=\"lazy\" decoding=\"async\" class=\"aligncenter size-full wp-image-3924\" src=\"http:\/\/sindesvdf.com.br\/news\/wp-content\/uploads\/2015\/02\/cabeca-e1424961662372.jpg\" alt=\"cabeca\" width=\"790\" height=\"138\" \/><\/a><\/p>\n<h2><span style=\"font-family: Calibri;\">A CCT 2015 tem vig\u00eancia a partir do dia 1\u00ba de janeiro de 2015 conforme acordo entre o Sindicato dos Vigilantes do DF e o sindicato patronal.<\/span><\/h2>\n<h2><span style=\"font-family: Calibri;\">A empresa que n\u00e3o fizer o pagamento com os devidos reajustes desde janeiro de 2015 sofrer\u00e1 sans\u00f5es conforme determina a lei.<\/span><\/h2>\n<p class=\"wpf_wrapper\"><a class=\"print_link\" href=\"\" target=\"_blank\">Preparar para impress\u00e3o<\/a><\/p><!-- .wpf_wrapper -->","protected":false},"excerpt":{"rendered":"<p>A CCT 2015 tem vig\u00eancia a partir do dia 1\u00ba de janeiro de 2015 conforme acordo entre o Sindicato dos&hellip; <\/p>\n","protected":false},"author":1,"featured_media":0,"comment_status":"closed","ping_status":"closed","sticky":false,"template":"","format":"standard","meta":{"footnotes":""},"categories":[7],"tags":[],"class_list":["post-3923","post","type-post","status-publish","format-standard","hentry","category-noticias"],"jetpack_featured_media_url":"","_links":{"self":[{"href":"https:\/\/sindesvdf.com.br\/news\/wp-json\/wp\/v2\/posts\/3923","targetHints":{"allow":["GET"]}}],"collection":[{"href":"https:\/\/sindesvdf.com.br\/news\/wp-json\/wp\/v2\/posts"}],"about":[{"href":"https:\/\/sindesvdf.com.br\/news\/wp-json\/wp\/v2\/types\/post"}],"author":[{"embeddable":true,"href":"https:\/\/sindesvdf.com.br\/news\/wp-json\/wp\/v2\/users\/1"}],"replies":[{"embeddable":true,"href":"https:\/\/sindesvdf.com.br\/news\/wp-json\/wp\/v2\/comments?post=3923"}],"version-history":[{"count":1,"href":"https:\/\/sindesvdf.com.br\/news\/wp-json\/wp\/v2\/posts\/3923\/revisions"}],"predecessor-version":[{"id":3925,"href":"https:\/\/sindesvdf.com.br\/news\/wp-json\/wp\/v2\/posts\/3923\/revisions\/3925"}],"wp:attachment":[{"href":"https:\/\/sindesvdf.com.br\/news\/wp-json\/wp\/v2\/media?parent=3923"}],"wp:term":[{"taxonomy":"category","embeddable":true,"href":"https:\/\/sindesvdf.com.br\/news\/wp-json\/wp\/v2\/categories?post=3923"},{"taxonomy":"post_tag","embeddable":true,"href":"https:\/\/sindesvdf.com.br\/news\/wp-json\/wp\/v2\/tags?post=3923"}],"curies":[{"name":"wp","href":"https:\/\/api.w.org\/{rel}","templated":true}]}}