{"id":3927,"date":"2015-02-26T17:15:32","date_gmt":"2015-02-26T20:15:32","guid":{"rendered":"http:\/\/sindesvdf.com.br\/news\/?p=3927"},"modified":"2015-02-26T17:15:32","modified_gmt":"2015-02-26T20:15:32","slug":"atencao-vigilantes-da-confederal","status":"publish","type":"post","link":"https:\/\/sindesvdf.com.br\/news\/atencao-vigilantes-da-confederal\/","title":{"rendered":"ATEN\u00c7\u00c3O VIGILANTES DA CONFEDERAL"},"content":{"rendered":"<h2 style=\"text-align: center;\"><a href=\"http:\/\/sindesvdf.com.br\/news\/wp-content\/uploads\/2015\/02\/cabeca-e1424961662372.jpg\"><img loading=\"lazy\" decoding=\"async\" class=\"aligncenter size-full wp-image-3924\" src=\"http:\/\/sindesvdf.com.br\/news\/wp-content\/uploads\/2015\/02\/cabeca-e1424961662372.jpg\" alt=\"cabeca\" width=\"790\" height=\"138\" \/><\/a><\/h2>\n<h2 style=\"text-align: center;\">Todos os vigilantes da Confederal que tiveram os dias descontados indevidamente referente \u00e0 greve de 2011 dever\u00e3o comparecer ao Sindicato dos Vigilantes do DF at\u00e9 o dia 10 de mar\u00e7o de 2015 para receber os valores devidos.<\/h2>\n<h2 style=\"text-align: center;\">O Sindicato dos Vigilantes do DF entrou na justi\u00e7a e ganhou mais esta causa para estes trabalhadores.<\/h2>\n<h2 style=\"text-align: center;\">Veja <span style=\"color: #ff0000;\"><a style=\"color: #ff0000;\" title=\"Planilha Vigilantes Confederal - Greve 2011\" href=\"http:\/\/sindesvdf.com.br\/news\/wp-content\/uploads\/2015\/02\/planilha_confederal_Vigil\u00e2ncia-s\u00f3-nomes.pdf\" target=\"_blank\"><strong>AQUI<\/strong><\/a><\/span>\u00a0rela\u00e7\u00e3o dos nomes dos vigilantes que tem direito a receber os valores devidos.<\/h2>\n<hr \/>\n<p>&nbsp;<\/p>\n<h2 style=\"text-align: center;\"><span style=\"color: #ff0000;\"><em>SINDESV-DF \u2013 Sempre Vigilante em defesa da categoria.<\/em><\/span><\/h2>\n<p class=\"wpf_wrapper\"><a class=\"print_link\" href=\"\" target=\"_blank\">Preparar para impress\u00e3o<\/a><\/p><!-- .wpf_wrapper -->","protected":false},"excerpt":{"rendered":"<p>Todos os vigilantes da Confederal que tiveram os dias descontados indevidamente referente \u00e0 greve de 2011 dever\u00e3o comparecer ao Sindicato&hellip; <\/p>\n","protected":false},"author":1,"featured_media":0,"comment_status":"closed","ping_status":"closed","sticky":false,"template":"","format":"standard","meta":{"footnotes":""},"categories":[7],"tags":[],"class_list":["post-3927","post","type-post","status-publish","format-standard","hentry","category-noticias"],"jetpack_featured_media_url":"","_links":{"self":[{"href":"https:\/\/sindesvdf.com.br\/news\/wp-json\/wp\/v2\/posts\/3927","targetHints":{"allow":["GET"]}}],"collection":[{"href":"https:\/\/sindesvdf.com.br\/news\/wp-json\/wp\/v2\/posts"}],"about":[{"href":"https:\/\/sindesvdf.com.br\/news\/wp-json\/wp\/v2\/types\/post"}],"author":[{"embeddable":true,"href":"https:\/\/sindesvdf.com.br\/news\/wp-json\/wp\/v2\/users\/1"}],"replies":[{"embeddable":true,"href":"https:\/\/sindesvdf.com.br\/news\/wp-json\/wp\/v2\/comments?post=3927"}],"version-history":[{"count":2,"href":"https:\/\/sindesvdf.com.br\/news\/wp-json\/wp\/v2\/posts\/3927\/revisions"}],"predecessor-version":[{"id":3931,"href":"https:\/\/sindesvdf.com.br\/news\/wp-json\/wp\/v2\/posts\/3927\/revisions\/3931"}],"wp:attachment":[{"href":"https:\/\/sindesvdf.com.br\/news\/wp-json\/wp\/v2\/media?parent=3927"}],"wp:term":[{"taxonomy":"category","embeddable":true,"href":"https:\/\/sindesvdf.com.br\/news\/wp-json\/wp\/v2\/categories?post=3927"},{"taxonomy":"post_tag","embeddable":true,"href":"https:\/\/sindesvdf.com.br\/news\/wp-json\/wp\/v2\/tags?post=3927"}],"curies":[{"name":"wp","href":"https:\/\/api.w.org\/{rel}","templated":true}]}}