{"id":3949,"date":"2015-03-10T13:40:19","date_gmt":"2015-03-10T16:40:19","guid":{"rendered":"http:\/\/sindesvdf.com.br\/news\/?p=3949"},"modified":"2015-03-10T15:11:49","modified_gmt":"2015-03-10T18:11:49","slug":"patroes-sem-palavra","status":"publish","type":"post","link":"https:\/\/sindesvdf.com.br\/news\/patroes-sem-palavra\/","title":{"rendered":"PATR\u00d5ES SEM PALAVRA"},"content":{"rendered":"<p><a href=\"http:\/\/sindesvdf.com.br\/news\/wp-content\/uploads\/2015\/02\/cabeca-e1424961662372.jpg\"><img loading=\"lazy\" decoding=\"async\" class=\"aligncenter size-full wp-image-3924\" src=\"http:\/\/sindesvdf.com.br\/news\/wp-content\/uploads\/2015\/02\/cabeca-e1424961662372.jpg\" alt=\"cabeca\" width=\"790\" height=\"138\" \/><\/a><\/p>\n<hr \/>\n<p>&nbsp;<\/p>\n<h1 style=\"text-align: center;\"><span style=\"color: #003366;\"><strong><span style=\"font-size: 48px; font-family: 'Alfa Slab One', sans-serif;\">PATR\u00d5ES SEM PALAVRA<\/span><\/strong><\/span><\/h1>\n<h3 style=\"text-align: center;\"><em>Empres\u00e1rios n\u00e3o honram palavra e inventam truque para mexer na CCT e n\u00e3o pagar o reajuste que arrancamos na greve<\/em><\/h3>\n<p>[row]<br \/>\n[column lg=&#8221;6&#8243; md=&#8221;12&#8243; sm=&#8221;12&#8243; xs=&#8221;12&#8243; ]<\/p>\n<p>Depois de muitas amea\u00e7as, greve e a intermedia\u00e7\u00e3o da Procuradoria Geral do DF e da Secretaria Institucional do GDF, finalmente chegamos a uma proposta que foi submetida \u00e0 Assembleia Geral da Categoria e aprovada pelos vigilantes presentes. O resultado das negocia\u00e7\u00f5es e da proposta foram registradas em ata, ou seja, \u00e9 um documento de tudo o que foi tratado durante os dias de negocia\u00e7\u00e3o e assinada por v\u00e1rios empres\u00e1rios do Sindicato Patronal que concordaram com os termos da proposta.<\/p>\n<p>Mas, at\u00e9 o momento, os vigilantes n\u00e3o receberam o reajuste salarial e ainda tiveram os dias da greve descontados. Somente tr\u00eas empresas pagaram o reajuste salarial e ainda assim, sem o retroativo.<\/p>\n<p>Lembramos tamb\u00e9m que o desconto dos dias parados \u00e9 totalmente desonesto, pois ficou acordado nas negocia\u00e7\u00f5es, e registrado em ata, que n\u00e3o haveria desconto dos dias parados.<br \/>\n[\/column]<br \/>\n[column lg=&#8221;6&#8243; md=&#8221;12&#8243; sm=&#8221;12&#8243; xs=&#8221;12&#8243; ]<\/p>\n<hr \/>\n<p><a href=\"http:\/\/sindesvdf.com.br\/news\/wp-content\/uploads\/2015\/03\/direito-e1425997275223.jpg\"><img loading=\"lazy\" decoding=\"async\" class=\"aligncenter wp-image-3952\" src=\"http:\/\/sindesvdf.com.br\/news\/wp-content\/uploads\/2015\/03\/direito-e1425997275223.jpg\" alt=\"direito\" width=\"480\" height=\"313\" \/><\/a><\/p>\n<p>Portanto, todas as empresas que descontaram os dias de greve, ter\u00e3o que ressarcir seus empregados.<\/p>\n<p>Est\u00e1 muito claro que os patr\u00f5es est\u00e3o querendo dar um golpe em nossa data-base e em todas as conquistas que arrancamos na greve. Depois de assinarem a ata, agora querem voltar atr\u00e1s para mexer em nossa Conven\u00e7\u00e3o Coletiva de Trabalho, tirando cl\u00e1usulas importantes ou apresentando aquelas que j\u00e1 repudiamos durante o processo de negocia\u00e7\u00e3o.<\/p>\n<p>[\/column]<br \/>\n[\/row]<\/p>\n<hr \/>\n<p>&nbsp;<\/p>\n<h1 style=\"text-align: center;\"><strong>Patr\u00f5es querem repetir a dose? \u00c9 pra j\u00e1! <\/strong><br \/>\n<strong>Vamos todos e todas \u00e0 Assembleia Geral<\/strong><\/h1>\n<p>Vamos dar uma resposta \u00e0 altura do desrespeito patronal. O Sindicato dos Vigilantes convoca toda a categoria para participar de Assembleia Geral com indicativo de greve para cobrar o cumprimento da nossa Conven\u00e7\u00e3o Coletiva de Trabalho.<br \/>\nSe \u00e9 greve que eles querem. \u00c9 greve que eles ter\u00e3o. Participe desta luta!<\/p>\n<hr \/>\n<h1 style=\"text-align: center;\"><span style=\"font-size: 48px;\"><strong>Assembleia Geral com indicativo de greve<\/strong><\/span><\/h1>\n<h1 style=\"text-align: center;\"><span style=\"font-size: 40px;\"><strong>Dia: 17\/03 \u2013 ter\u00e7a-feira \u2013 \u00e0s 19h<\/strong><\/span><\/h1>\n<h1 style=\"text-align: center;\"><strong>Local: Estacionamento do CONIC\u00a0<\/strong><strong>em frente \u00e0 Casa do Chocolate<\/strong><\/h1>\n<h1 style=\"text-align: center;\"><strong>Pauta: Discuss\u00e3o para marcar in\u00edcio da paralisa\u00e7\u00e3o pelo cumprimento da CCT 2015<\/strong><\/h1>\n<hr \/>\n<hr \/>\n<h1 style=\"text-align: center;\"><strong>Empres\u00e1rios insistem em ressuscitar a figura do horista<\/strong><\/h1>\n<p style=\"text-align: left;\"><span style=\"font-size: 20px;\"><a href=\"http:\/\/sindesvdf.com.br\/news\/wp-content\/uploads\/2015\/03\/acordo.jpg\"><img loading=\"lazy\" decoding=\"async\" class=\"  wp-image-3977 alignright\" src=\"http:\/\/sindesvdf.com.br\/news\/wp-content\/uploads\/2015\/03\/acordo.jpg\" alt=\"acordo\" width=\"352\" height=\"435\" srcset=\"https:\/\/sindesvdf.com.br\/news\/wp-content\/uploads\/2015\/03\/acordo.jpg 388w, https:\/\/sindesvdf.com.br\/news\/wp-content\/uploads\/2015\/03\/acordo-243x300.jpg 243w, https:\/\/sindesvdf.com.br\/news\/wp-content\/uploads\/2015\/03\/acordo-65x80.jpg 65w, https:\/\/sindesvdf.com.br\/news\/wp-content\/uploads\/2015\/03\/acordo-121x150.jpg 121w\" sizes=\"auto, (max-width: 352px) 100vw, 352px\" \/><\/a>E agora alguns empres\u00e1rios querem mexer em cl\u00e1usulas como a do horista, quando deixamos muito claro, durante toda a negocia\u00e7\u00e3o que n\u00e3o aceitar\u00edamos a figura de horista e, por isso, essa cl\u00e1usula n\u00e3o entrou na Conven\u00e7\u00e3o Coletiva de Trabalho. S\u00e3o situa\u00e7\u00f5es de total desrespeito e que tiveram testemunhas da Procuradoria Geral do DF e do GDF.<\/span><br \/>\n<span style=\"font-size: 20px;\">A falta de palavra por parte dos empres\u00e1rios merece todo o nosso rep\u00fadio e n\u00e3o ficar\u00e1 sem resposta.<\/span><br \/>\n<span style=\"font-size: 20px;\">Contamos com a sua participa\u00e7\u00e3o na Assembleia Geral.<\/span><\/p>\n<hr \/>\n<h1 style=\"text-align: center;\"><strong>Veja ata assinada pelos patr\u00f5es<\/strong><\/h1>\n<p><a href=\"http:\/\/sindesvdf.com.br\/news\/wp-content\/uploads\/2015\/03\/ATA-DATA-BASE-2015-1.jpg\"><img loading=\"lazy\" decoding=\"async\" class=\"aligncenter size-full wp-image-3984\" src=\"http:\/\/sindesvdf.com.br\/news\/wp-content\/uploads\/2015\/03\/ATA-DATA-BASE-2015-1.jpg\" alt=\"ATA DATA BASE 2015-1\" width=\"1890\" height=\"3458\" srcset=\"https:\/\/sindesvdf.com.br\/news\/wp-content\/uploads\/2015\/03\/ATA-DATA-BASE-2015-1.jpg 1890w, https:\/\/sindesvdf.com.br\/news\/wp-content\/uploads\/2015\/03\/ATA-DATA-BASE-2015-1-164x300.jpg 164w, https:\/\/sindesvdf.com.br\/news\/wp-content\/uploads\/2015\/03\/ATA-DATA-BASE-2015-1-432x790.jpg 432w, https:\/\/sindesvdf.com.br\/news\/wp-content\/uploads\/2015\/03\/ATA-DATA-BASE-2015-1-600x1098.jpg 600w, https:\/\/sindesvdf.com.br\/news\/wp-content\/uploads\/2015\/03\/ATA-DATA-BASE-2015-1-44x80.jpg 44w, https:\/\/sindesvdf.com.br\/news\/wp-content\/uploads\/2015\/03\/ATA-DATA-BASE-2015-1-82x150.jpg 82w, https:\/\/sindesvdf.com.br\/news\/wp-content\/uploads\/2015\/03\/ATA-DATA-BASE-2015-1-900x1647.jpg 900w\" sizes=\"auto, (max-width: 1890px) 100vw, 1890px\" \/><\/a> <a href=\"http:\/\/sindesvdf.com.br\/news\/wp-content\/uploads\/2015\/03\/ATA-DATA-BASE-2015-2.jpg\"><img loading=\"lazy\" decoding=\"async\" class=\"aligncenter size-full wp-image-3985\" src=\"http:\/\/sindesvdf.com.br\/news\/wp-content\/uploads\/2015\/03\/ATA-DATA-BASE-2015-2.jpg\" alt=\"ATA DATA BASE 2015-2\" width=\"1890\" height=\"3458\" srcset=\"https:\/\/sindesvdf.com.br\/news\/wp-content\/uploads\/2015\/03\/ATA-DATA-BASE-2015-2.jpg 1890w, https:\/\/sindesvdf.com.br\/news\/wp-content\/uploads\/2015\/03\/ATA-DATA-BASE-2015-2-164x300.jpg 164w, https:\/\/sindesvdf.com.br\/news\/wp-content\/uploads\/2015\/03\/ATA-DATA-BASE-2015-2-432x790.jpg 432w, https:\/\/sindesvdf.com.br\/news\/wp-content\/uploads\/2015\/03\/ATA-DATA-BASE-2015-2-600x1098.jpg 600w, https:\/\/sindesvdf.com.br\/news\/wp-content\/uploads\/2015\/03\/ATA-DATA-BASE-2015-2-44x80.jpg 44w, https:\/\/sindesvdf.com.br\/news\/wp-content\/uploads\/2015\/03\/ATA-DATA-BASE-2015-2-82x150.jpg 82w, https:\/\/sindesvdf.com.br\/news\/wp-content\/uploads\/2015\/03\/ATA-DATA-BASE-2015-2-900x1647.jpg 900w\" sizes=\"auto, (max-width: 1890px) 100vw, 1890px\" \/><\/a><\/p>\n<p>&nbsp;<\/p>\n<p class=\"wpf_wrapper\"><a class=\"print_link\" href=\"\" target=\"_blank\">Preparar para impress\u00e3o<\/a><\/p><!-- .wpf_wrapper -->","protected":false},"excerpt":{"rendered":"<p>&nbsp; PATR\u00d5ES SEM PALAVRA Empres\u00e1rios n\u00e3o honram palavra e inventam truque para mexer na CCT e n\u00e3o pagar o reajuste&hellip; <\/p>\n","protected":false},"author":1,"featured_media":0,"comment_status":"closed","ping_status":"closed","sticky":false,"template":"","format":"standard","meta":{"footnotes":""},"categories":[7],"tags":[],"class_list":["post-3949","post","type-post","status-publish","format-standard","hentry","category-noticias"],"jetpack_featured_media_url":"","_links":{"self":[{"href":"https:\/\/sindesvdf.com.br\/news\/wp-json\/wp\/v2\/posts\/3949","targetHints":{"allow":["GET"]}}],"collection":[{"href":"https:\/\/sindesvdf.com.br\/news\/wp-json\/wp\/v2\/posts"}],"about":[{"href":"https:\/\/sindesvdf.com.br\/news\/wp-json\/wp\/v2\/types\/post"}],"author":[{"embeddable":true,"href":"https:\/\/sindesvdf.com.br\/news\/wp-json\/wp\/v2\/users\/1"}],"replies":[{"embeddable":true,"href":"https:\/\/sindesvdf.com.br\/news\/wp-json\/wp\/v2\/comments?post=3949"}],"version-history":[{"count":27,"href":"https:\/\/sindesvdf.com.br\/news\/wp-json\/wp\/v2\/posts\/3949\/revisions"}],"predecessor-version":[{"id":3989,"href":"https:\/\/sindesvdf.com.br\/news\/wp-json\/wp\/v2\/posts\/3949\/revisions\/3989"}],"wp:attachment":[{"href":"https:\/\/sindesvdf.com.br\/news\/wp-json\/wp\/v2\/media?parent=3949"}],"wp:term":[{"taxonomy":"category","embeddable":true,"href":"https:\/\/sindesvdf.com.br\/news\/wp-json\/wp\/v2\/categories?post=3949"},{"taxonomy":"post_tag","embeddable":true,"href":"https:\/\/sindesvdf.com.br\/news\/wp-json\/wp\/v2\/tags?post=3949"}],"curies":[{"name":"wp","href":"https:\/\/api.w.org\/{rel}","templated":true}]}}