{"id":4011,"date":"2015-03-11T09:56:13","date_gmt":"2015-03-11T12:56:13","guid":{"rendered":"http:\/\/sindesvdf.com.br\/news\/?p=4011"},"modified":"2015-03-11T09:56:13","modified_gmt":"2015-03-11T12:56:13","slug":"nota-de-esclarecimento-2","status":"publish","type":"post","link":"https:\/\/sindesvdf.com.br\/news\/nota-de-esclarecimento-2\/","title":{"rendered":"Nota de Esclarecimento"},"content":{"rendered":"<h1 style=\"text-align: center;\"><strong>O Sindicato dos Vigilantes do DF defende a democracia e o respeito m\u00fatuo<\/strong><\/h1>\n<p><span style=\"font-size: 16px;\">A luta do Sindicato em defesa da categoria sempre foi democr\u00e1tica e transparente. Todos os problemas causados pelos patr\u00f5es, relatamos \u00e0 categoria e buscamos solu\u00e7\u00e3o com muita garra e compromisso, seja com negocia\u00e7\u00e3o, via judicial ou ainda por press\u00e3o (paralisa\u00e7\u00f5es e greves).<\/span><\/p>\n<p><span style=\"font-size: 16px;\">Naturalmente, com tantos deputados patr\u00f5es na C\u00e2mara Legislativa e mais um tanto de vigilantes que resolveram se debandar para o lado patronal, achando que l\u00e1 \u00e9 o seu lugar, mal percebendo que ser\u00e3o usados e depois descartados como baga\u00e7o de laranja, temos convivido com alguns vigilantes que se dizem oposi\u00e7\u00e3o. Mesmo estes, se procurarem o Sindicato com propostas e ideias, ser\u00e3o recebidos com o respeito que todo trabalhador merece.<\/span><\/p>\n<p><span style=\"font-size: 16px;\">No entanto, no dia 10 de mar\u00e7o, ter\u00e7a-feira, vieram cinco vigilantes j\u00e1 premeditados em causar desordem e atrapalhar o andamento do expediente do Sindicato, que sempre \u00e9 muito puxado, diante dos in\u00fameros atendimentos que temos diariamente.<\/span><\/p>\n<p><span style=\"font-size: 16px;\">Pois bem, esses vigilantes vieram com alguns questionamentos e foram recebidos por nosso vice-presidente Paulo Quadros que respondeu aos questionamentos com educa\u00e7\u00e3o e cordialidade, mas eles n\u00e3o queriam nem ouvir e come\u00e7aram a tumultuar e criar situa\u00e7\u00f5es de confronto. Diante disso, foram convidados a se retirarem do Sindicato, pois n\u00e3o estavam respeitando a casa que \u00e9 de todos os vigilantes.<\/span><\/p>\n<p><span style=\"font-size: 16px;\">Quando sa\u00edram, come\u00e7aram a espalhar via redes sociais que foram agredidos f\u00edsica e verbalmente&#8230; Mentira da mais deslavada! Se aconteceu alguma agress\u00e3o, partiu deles, certamente bem orientados por seus patr\u00f5es.<\/span><\/p>\n<p><span style=\"font-size: 16px;\">N\u00e3o ser\u00e3o mentiras e cal\u00fanias patrocinadas por um segmento do empresariado que n\u00e3o se conforma com a nossa luta e compromisso, que nos far\u00e3o desviar do caminho. J\u00e1 convocamos uma <strong>Assembleia Geral que ser\u00e1 no dia 17\/03<\/strong> e, nesse dia, todas as quest\u00f5es envolvendo os interesses da categoria, ser\u00e3o respondidos pelo Sindicato.<\/span><\/p>\n<p style=\"text-align: right;\"><span style=\"color: #ff0000; font-size: 18px;\"><span style=\"font-size: 22px;\"><strong>Sindicato dos Vigilantes do DF<\/strong><\/span><em><strong><br \/>\n<\/strong><\/em><span style=\"font-size: 16px;\"><em><strong>Sempre Vigilante em defesa da categoria<\/strong><\/em><\/span><\/span><\/p>\n<p class=\"wpf_wrapper\"><a class=\"print_link\" href=\"\" target=\"_blank\">Preparar para impress\u00e3o<\/a><\/p><!-- .wpf_wrapper -->","protected":false},"excerpt":{"rendered":"<p>O Sindicato dos Vigilantes do DF defende a democracia e o respeito m\u00fatuo A luta do Sindicato em defesa da&hellip; <\/p>\n","protected":false},"author":1,"featured_media":0,"comment_status":"closed","ping_status":"closed","sticky":false,"template":"","format":"standard","meta":{"footnotes":""},"categories":[7],"tags":[],"class_list":["post-4011","post","type-post","status-publish","format-standard","hentry","category-noticias"],"jetpack_featured_media_url":"","_links":{"self":[{"href":"https:\/\/sindesvdf.com.br\/news\/wp-json\/wp\/v2\/posts\/4011","targetHints":{"allow":["GET"]}}],"collection":[{"href":"https:\/\/sindesvdf.com.br\/news\/wp-json\/wp\/v2\/posts"}],"about":[{"href":"https:\/\/sindesvdf.com.br\/news\/wp-json\/wp\/v2\/types\/post"}],"author":[{"embeddable":true,"href":"https:\/\/sindesvdf.com.br\/news\/wp-json\/wp\/v2\/users\/1"}],"replies":[{"embeddable":true,"href":"https:\/\/sindesvdf.com.br\/news\/wp-json\/wp\/v2\/comments?post=4011"}],"version-history":[{"count":1,"href":"https:\/\/sindesvdf.com.br\/news\/wp-json\/wp\/v2\/posts\/4011\/revisions"}],"predecessor-version":[{"id":4012,"href":"https:\/\/sindesvdf.com.br\/news\/wp-json\/wp\/v2\/posts\/4011\/revisions\/4012"}],"wp:attachment":[{"href":"https:\/\/sindesvdf.com.br\/news\/wp-json\/wp\/v2\/media?parent=4011"}],"wp:term":[{"taxonomy":"category","embeddable":true,"href":"https:\/\/sindesvdf.com.br\/news\/wp-json\/wp\/v2\/categories?post=4011"},{"taxonomy":"post_tag","embeddable":true,"href":"https:\/\/sindesvdf.com.br\/news\/wp-json\/wp\/v2\/tags?post=4011"}],"curies":[{"name":"wp","href":"https:\/\/api.w.org\/{rel}","templated":true}]}}