{"id":4014,"date":"2015-03-11T16:20:33","date_gmt":"2015-03-11T19:20:33","guid":{"rendered":"http:\/\/sindesvdf.com.br\/news\/?p=4014"},"modified":"2015-03-11T17:02:47","modified_gmt":"2015-03-11T20:02:47","slug":"urgencia-no-estatuto-da-seguranca-privada","status":"publish","type":"post","link":"https:\/\/sindesvdf.com.br\/news\/urgencia-no-estatuto-da-seguranca-privada\/","title":{"rendered":"Urg\u00eancia no Estatuto da Seguran\u00e7a Privada"},"content":{"rendered":"<p style=\"text-align: center;\"><a href=\"http:\/\/sindesvdf.com.br\/news\/wp-content\/uploads\/2015\/03\/Projeto-Estatuto-Seguran\u00e7a-Privada.jpg\"><img loading=\"lazy\" decoding=\"async\" class=\"aligncenter wp-image-4018 size-large\" src=\"http:\/\/sindesvdf.com.br\/news\/wp-content\/uploads\/2015\/03\/Projeto-Estatuto-Seguran\u00e7a-Privada-790x444.jpg\" alt=\"Projeto Estatuto Seguran\u00e7a Privada\" width=\"710\" height=\"399\" srcset=\"https:\/\/sindesvdf.com.br\/news\/wp-content\/uploads\/2015\/03\/Projeto-Estatuto-Seguran\u00e7a-Privada-790x444.jpg 790w, https:\/\/sindesvdf.com.br\/news\/wp-content\/uploads\/2015\/03\/Projeto-Estatuto-Seguran\u00e7a-Privada-300x169.jpg 300w, https:\/\/sindesvdf.com.br\/news\/wp-content\/uploads\/2015\/03\/Projeto-Estatuto-Seguran\u00e7a-Privada-600x338.jpg 600w, https:\/\/sindesvdf.com.br\/news\/wp-content\/uploads\/2015\/03\/Projeto-Estatuto-Seguran\u00e7a-Privada-80x45.jpg 80w, https:\/\/sindesvdf.com.br\/news\/wp-content\/uploads\/2015\/03\/Projeto-Estatuto-Seguran\u00e7a-Privada-150x84.jpg 150w, https:\/\/sindesvdf.com.br\/news\/wp-content\/uploads\/2015\/03\/Projeto-Estatuto-Seguran\u00e7a-Privada-900x506.jpg 900w, https:\/\/sindesvdf.com.br\/news\/wp-content\/uploads\/2015\/03\/Projeto-Estatuto-Seguran\u00e7a-Privada.jpg 2048w\" sizes=\"auto, (max-width: 710px) 100vw, 710px\" \/><\/a><\/p>\n<p>Representando a Confedera\u00e7\u00e3o dos Vigilantes, participei, na manh\u00e3 de ontem, de uma importante reuni\u00e3o no Minist\u00e9rio da Justi\u00e7a com o secret\u00e1rio parlamentar do \u00f3<span class=\"text_exposed_show\">rg\u00e3o, Gabriel Sampaio, para tratar dar agilidade no processo que cuida do Projeto de Lei que cria o estatuto da Seguran\u00e7a Privada no Brasil. H\u00e1 anos estamos lutando para elabora\u00e7\u00e3o do texto e j\u00e1 tivemos muitas reuni\u00f5es para chegar em um consenso. Esse \u00e9 um projeto que precisa ser aprovado com urg\u00eancia. \u00c9 preciso que a Minist\u00e9rio da Justi\u00e7a encaminhe para a Casa Civil, que a presidenta o encaminhe a para ser votado e aprovado no Congresso Nacional. <\/span><\/p>\n<p><span class=\"text_exposed_show\">Hoje s\u00e3o cerca de tr\u00eas milh\u00f5es de vigilantes que vivem na clandestinidade e que precisamos colocar dentro da legalidade e finalizados pela Pol\u00edcia Federal. Portanto, depois da implanta\u00e7\u00e3o do Risco de Vida, essa \u00e9 a luta mais importante. Retomamos a discuss\u00e3o agora em mar\u00e7o e, com f\u00e9 em Deus, este ano a gente vai conseguir transformar este anteprojeto em Lei, porque ele \u00e9 fundamental para a moraliza\u00e7\u00e3o da seguran\u00e7a privada no Brasil. <\/span><\/p>\n<p><span class=\"text_exposed_show\">Acompanhando do membro da Confedera\u00e7\u00e3o Nacional dos Trabalhadores do Ramo Financeiro (Contraf-CUT), Ademir Wiederkehr, e do presidente do Sindicato dos Vigilantes do DF, Jervalino Bispo, e de um representante da Confedera\u00e7\u00e3o Nacional dos Trabalhadores em Vigil\u00e2ncia (CNTV), entregamos ao secret\u00e1rio uma pesquisa com o mapa das mortes em assaltos envolvendo bancos em todo o pa\u00eds.<\/span><\/p>\n<p style=\"text-align: right;\"><span class=\"text_exposed_show\">Leia mais aqui<br \/>\n<a href=\"http:\/\/www.chicovigilante.com.br\/artigo\/ver\/id\/1730\/nome\/Chico_vai_ao_Ministerio_da_Justica_pedir_agilidade_na_elaboracao_do_Estatuto_da_Seguranca_Privada\" target=\"_blank\" rel=\"nofollow\">http:\/\/www.chicovigilante.com.br\/\u2026\/Chico_vai_ao_Ministerio_\u2026<\/a><\/span><\/p>\n<p class=\"wpf_wrapper\"><a class=\"print_link\" href=\"\" target=\"_blank\">Preparar para impress\u00e3o<\/a><\/p><!-- .wpf_wrapper -->","protected":false},"excerpt":{"rendered":"<p>Representando a Confedera\u00e7\u00e3o dos Vigilantes, participei, na manh\u00e3 de ontem, de uma importante reuni\u00e3o no Minist\u00e9rio da Justi\u00e7a com o&hellip; <\/p>\n","protected":false},"author":1,"featured_media":0,"comment_status":"closed","ping_status":"closed","sticky":false,"template":"","format":"standard","meta":{"footnotes":""},"categories":[7],"tags":[],"class_list":["post-4014","post","type-post","status-publish","format-standard","hentry","category-noticias"],"jetpack_featured_media_url":"","_links":{"self":[{"href":"https:\/\/sindesvdf.com.br\/news\/wp-json\/wp\/v2\/posts\/4014","targetHints":{"allow":["GET"]}}],"collection":[{"href":"https:\/\/sindesvdf.com.br\/news\/wp-json\/wp\/v2\/posts"}],"about":[{"href":"https:\/\/sindesvdf.com.br\/news\/wp-json\/wp\/v2\/types\/post"}],"author":[{"embeddable":true,"href":"https:\/\/sindesvdf.com.br\/news\/wp-json\/wp\/v2\/users\/1"}],"replies":[{"embeddable":true,"href":"https:\/\/sindesvdf.com.br\/news\/wp-json\/wp\/v2\/comments?post=4014"}],"version-history":[{"count":3,"href":"https:\/\/sindesvdf.com.br\/news\/wp-json\/wp\/v2\/posts\/4014\/revisions"}],"predecessor-version":[{"id":4019,"href":"https:\/\/sindesvdf.com.br\/news\/wp-json\/wp\/v2\/posts\/4014\/revisions\/4019"}],"wp:attachment":[{"href":"https:\/\/sindesvdf.com.br\/news\/wp-json\/wp\/v2\/media?parent=4014"}],"wp:term":[{"taxonomy":"category","embeddable":true,"href":"https:\/\/sindesvdf.com.br\/news\/wp-json\/wp\/v2\/categories?post=4014"},{"taxonomy":"post_tag","embeddable":true,"href":"https:\/\/sindesvdf.com.br\/news\/wp-json\/wp\/v2\/tags?post=4014"}],"curies":[{"name":"wp","href":"https:\/\/api.w.org\/{rel}","templated":true}]}}