{"id":4040,"date":"2015-03-18T13:17:13","date_gmt":"2015-03-18T16:17:13","guid":{"rendered":"http:\/\/sindesvdf.com.br\/news\/?p=4040"},"modified":"2015-03-18T14:17:30","modified_gmt":"2015-03-18T17:17:30","slug":"mobilizacao-e-luta-dos-vigilantes-obrigam-patroes-a-cumprirem-palavra-empenhada","status":"publish","type":"post","link":"https:\/\/sindesvdf.com.br\/news\/mobilizacao-e-luta-dos-vigilantes-obrigam-patroes-a-cumprirem-palavra-empenhada\/","title":{"rendered":"Mobiliza\u00e7\u00e3o e luta dos vigilantes obrigam patr\u00f5es a cumprirem palavra empenhada"},"content":{"rendered":"<p><a href=\"http:\/\/sindesvdf.com.br\/news\/wp-content\/uploads\/2015\/03\/Assembleia-17-03-2015-1.jpg\"><img loading=\"lazy\" decoding=\"async\" class=\"aligncenter size-full wp-image-4039\" src=\"http:\/\/sindesvdf.com.br\/news\/wp-content\/uploads\/2015\/03\/Assembleia-17-03-2015-1.jpg\" alt=\"Assembleia 17-03-2015-1\" width=\"800\" height=\"533\" srcset=\"https:\/\/sindesvdf.com.br\/news\/wp-content\/uploads\/2015\/03\/Assembleia-17-03-2015-1.jpg 800w, https:\/\/sindesvdf.com.br\/news\/wp-content\/uploads\/2015\/03\/Assembleia-17-03-2015-1-300x200.jpg 300w, https:\/\/sindesvdf.com.br\/news\/wp-content\/uploads\/2015\/03\/Assembleia-17-03-2015-1-790x526.jpg 790w, https:\/\/sindesvdf.com.br\/news\/wp-content\/uploads\/2015\/03\/Assembleia-17-03-2015-1-600x400.jpg 600w, https:\/\/sindesvdf.com.br\/news\/wp-content\/uploads\/2015\/03\/Assembleia-17-03-2015-1-80x53.jpg 80w, https:\/\/sindesvdf.com.br\/news\/wp-content\/uploads\/2015\/03\/Assembleia-17-03-2015-1-150x100.jpg 150w\" sizes=\"auto, (max-width: 800px) 100vw, 800px\" \/><\/a><\/p>\n<p>Uma significativa assembleia de vigilantes aconteceu na noite de ter\u00e7a-feira, 17\/03, e sua convoca\u00e7\u00e3o teve a finalidade de dar uma dura chamada nos empres\u00e1rios que, apesar de assinarem a ata com as propostas da nossa data-base e que foram aprovadas em Assembleia Geral, resolveram que poderiam voltar atr\u00e1s e n\u00e3o assinar a Conven\u00e7\u00e3o Coletiva de Trabalho.<\/p>\n<p>Com essa decis\u00e3o inconsequente, eles tamb\u00e9m resolveram n\u00e3o honrar os compromissos assumidos e n\u00e3o pagaram o reajuste do sal\u00e1rio e nem do t\u00edquete-refei\u00e7\u00e3o, al\u00e9m de outros benef\u00edcios, como o plano de sa\u00fade.<\/p>\n<p>Acharam o qu\u00ea? Que o Sindicato iria aceitar novas negocia\u00e7\u00f5es com retrocesso\u00a0 em cl\u00e1usulas importantes da nossa CCT? Mas como est\u00e3o enganados esses patr\u00f5es. Com a amea\u00e7a de nova greve e a mobiliza\u00e7\u00e3o da categoria, os \u00faltimos dias que antecederam a Assembleia foram de intensas negocia\u00e7\u00f5es. O Sindicato cobrando o cumprimento do acordado e a assinatura da CCT e os patr\u00f5es insistindo em mexer nas cl\u00e1usulas da estabilidade e da que pro\u00edbe a figura de horista. Tudo em v\u00e3o. O Sindicato n\u00e3o aceitou e zefin\u00ed.<\/p>\n<p>Os retroativos ser\u00e3o pagos da seguinte forma:<\/p>\n<p>AUXILIO ALIMENTA\u00c7\u00c3O: diferen\u00e7as relativas aos meses de janeiro e fevereiro\/2015, at\u00e9 o 5\u00ba dia \u00fatil de abril\/2015; diferen\u00e7as relativas ao m\u00eas de mar\u00e7o, at\u00e9 o 5\u00ba dia \u00fatil de maio\/2015.<\/p>\n<p>DIFEREN\u00c7AS SALARIAIS: diferen\u00e7as relativas a janeiro\/2015, ser\u00e3o pagas at\u00e9 o 5\u00ba dia \u00fatil de abril\/2015; diferen\u00e7as relativas a fevereiro\/2015, ser\u00e3o pagas at\u00e9 o 5\u00ba dia \u00fatil de maio\/2015.<\/p>\n<p>Essa foi a solu\u00e7\u00e3o que o Sindicato encontrou para que o vigilante n\u00e3o tivesse preju\u00edzo com o aumento da al\u00edquota do Imposto de Renda que iria de 7,5% para 15% se os retroativos fossem pagos de uma s\u00f3 vez.<\/p>\n<p class=\"wpf_wrapper\"><a class=\"print_link\" href=\"\" target=\"_blank\">Preparar para impress\u00e3o<\/a><\/p><!-- .wpf_wrapper -->","protected":false},"excerpt":{"rendered":"<p>Uma significativa assembleia de vigilantes aconteceu na noite de ter\u00e7a-feira, 17\/03, e sua convoca\u00e7\u00e3o teve a finalidade de dar uma&hellip; <\/p>\n","protected":false},"author":1,"featured_media":0,"comment_status":"closed","ping_status":"closed","sticky":false,"template":"","format":"standard","meta":{"footnotes":""},"categories":[7],"tags":[],"class_list":["post-4040","post","type-post","status-publish","format-standard","hentry","category-noticias"],"jetpack_featured_media_url":"","_links":{"self":[{"href":"https:\/\/sindesvdf.com.br\/news\/wp-json\/wp\/v2\/posts\/4040","targetHints":{"allow":["GET"]}}],"collection":[{"href":"https:\/\/sindesvdf.com.br\/news\/wp-json\/wp\/v2\/posts"}],"about":[{"href":"https:\/\/sindesvdf.com.br\/news\/wp-json\/wp\/v2\/types\/post"}],"author":[{"embeddable":true,"href":"https:\/\/sindesvdf.com.br\/news\/wp-json\/wp\/v2\/users\/1"}],"replies":[{"embeddable":true,"href":"https:\/\/sindesvdf.com.br\/news\/wp-json\/wp\/v2\/comments?post=4040"}],"version-history":[{"count":2,"href":"https:\/\/sindesvdf.com.br\/news\/wp-json\/wp\/v2\/posts\/4040\/revisions"}],"predecessor-version":[{"id":4046,"href":"https:\/\/sindesvdf.com.br\/news\/wp-json\/wp\/v2\/posts\/4040\/revisions\/4046"}],"wp:attachment":[{"href":"https:\/\/sindesvdf.com.br\/news\/wp-json\/wp\/v2\/media?parent=4040"}],"wp:term":[{"taxonomy":"category","embeddable":true,"href":"https:\/\/sindesvdf.com.br\/news\/wp-json\/wp\/v2\/categories?post=4040"},{"taxonomy":"post_tag","embeddable":true,"href":"https:\/\/sindesvdf.com.br\/news\/wp-json\/wp\/v2\/tags?post=4040"}],"curies":[{"name":"wp","href":"https:\/\/api.w.org\/{rel}","templated":true}]}}