{"id":4098,"date":"2015-04-07T15:07:06","date_gmt":"2015-04-07T18:07:06","guid":{"rendered":"http:\/\/sindesvdf.com.br\/news\/?p=4098"},"modified":"2015-04-07T17:01:55","modified_gmt":"2015-04-07T20:01:55","slug":"conforme-instrucao-normativa-n-de-7-de-novembro-de-1989-o-dia-de-sabado-e-contado-como-dia-util","status":"publish","type":"post","link":"https:\/\/sindesvdf.com.br\/news\/conforme-instrucao-normativa-n-de-7-de-novembro-de-1989-o-dia-de-sabado-e-contado-como-dia-util\/","title":{"rendered":"Conforme Instru\u00e7\u00e3o Normativa n\u00b0 DE 7 DE NOVEMBRO DE 1989, o Dia de S\u00e1bado \u00e9 contado como dia \u00fatil"},"content":{"rendered":"<p><a href=\"http:\/\/sindesvdf.com.br\/news\/wp-content\/uploads\/2015\/03\/Logo-Sindesvdf-Branco.jpg\"><img loading=\"lazy\" decoding=\"async\" class=\"aligncenter size-full wp-image-4010\" src=\"http:\/\/sindesvdf.com.br\/news\/wp-content\/uploads\/2015\/03\/Logo-Sindesvdf-Branco.jpg\" alt=\"Logo Sindesvdf Branco\" width=\"640\" height=\"347\" srcset=\"https:\/\/sindesvdf.com.br\/news\/wp-content\/uploads\/2015\/03\/Logo-Sindesvdf-Branco.jpg 640w, https:\/\/sindesvdf.com.br\/news\/wp-content\/uploads\/2015\/03\/Logo-Sindesvdf-Branco-300x163.jpg 300w, https:\/\/sindesvdf.com.br\/news\/wp-content\/uploads\/2015\/03\/Logo-Sindesvdf-Branco-600x325.jpg 600w, https:\/\/sindesvdf.com.br\/news\/wp-content\/uploads\/2015\/03\/Logo-Sindesvdf-Branco-80x43.jpg 80w, https:\/\/sindesvdf.com.br\/news\/wp-content\/uploads\/2015\/03\/Logo-Sindesvdf-Branco-150x81.jpg 150w\" sizes=\"auto, (max-width: 640px) 100vw, 640px\" \/><\/a><br \/>\nConforme Instru\u00e7\u00e3o Normativa n\u00b0 DE 7 DE NOVEMBRO DE 1989, o Dia de S\u00e1bado \u00e9 contado como dia \u00fatil, portanto neste m\u00eas de Abril o quinto dia \u00fatil \u00e9 o dia 07-04-2015.<\/p>\n<p>Veja a Instru\u00e7\u00e3o Normativa completa<a href=\"http:\/\/sindesvdf.com.br\/news\/wp-content\/uploads\/2015\/04\/INSTRU\u00c7\u00c3O-NORMATIVA-DIAS-UTEIS.pdf\"> aqui<\/a><\/p>\n<p class=\"wpf_wrapper\"><a class=\"print_link\" href=\"\" target=\"_blank\">Preparar para impress\u00e3o<\/a><\/p><!-- .wpf_wrapper -->","protected":false},"excerpt":{"rendered":"<p>Conforme Instru\u00e7\u00e3o Normativa n\u00b0 DE 7 DE NOVEMBRO DE 1989, o Dia de S\u00e1bado \u00e9 contado como dia \u00fatil, portanto&hellip; <\/p>\n","protected":false},"author":1,"featured_media":0,"comment_status":"closed","ping_status":"closed","sticky":false,"template":"","format":"standard","meta":{"footnotes":""},"categories":[7],"tags":[],"class_list":["post-4098","post","type-post","status-publish","format-standard","hentry","category-noticias"],"jetpack_featured_media_url":"","_links":{"self":[{"href":"https:\/\/sindesvdf.com.br\/news\/wp-json\/wp\/v2\/posts\/4098","targetHints":{"allow":["GET"]}}],"collection":[{"href":"https:\/\/sindesvdf.com.br\/news\/wp-json\/wp\/v2\/posts"}],"about":[{"href":"https:\/\/sindesvdf.com.br\/news\/wp-json\/wp\/v2\/types\/post"}],"author":[{"embeddable":true,"href":"https:\/\/sindesvdf.com.br\/news\/wp-json\/wp\/v2\/users\/1"}],"replies":[{"embeddable":true,"href":"https:\/\/sindesvdf.com.br\/news\/wp-json\/wp\/v2\/comments?post=4098"}],"version-history":[{"count":4,"href":"https:\/\/sindesvdf.com.br\/news\/wp-json\/wp\/v2\/posts\/4098\/revisions"}],"predecessor-version":[{"id":4103,"href":"https:\/\/sindesvdf.com.br\/news\/wp-json\/wp\/v2\/posts\/4098\/revisions\/4103"}],"wp:attachment":[{"href":"https:\/\/sindesvdf.com.br\/news\/wp-json\/wp\/v2\/media?parent=4098"}],"wp:term":[{"taxonomy":"category","embeddable":true,"href":"https:\/\/sindesvdf.com.br\/news\/wp-json\/wp\/v2\/categories?post=4098"},{"taxonomy":"post_tag","embeddable":true,"href":"https:\/\/sindesvdf.com.br\/news\/wp-json\/wp\/v2\/tags?post=4098"}],"curies":[{"name":"wp","href":"https:\/\/api.w.org\/{rel}","templated":true}]}}