{"id":4165,"date":"2015-05-13T16:00:43","date_gmt":"2015-05-13T19:00:43","guid":{"rendered":"http:\/\/sindesvdf.com.br\/news\/?p=4165"},"modified":"2015-05-13T16:09:41","modified_gmt":"2015-05-13T19:09:41","slug":"importancia-dos-vigilantes-e-reconhecida-mais-uma-vez","status":"publish","type":"post","link":"https:\/\/sindesvdf.com.br\/news\/importancia-dos-vigilantes-e-reconhecida-mais-uma-vez\/","title":{"rendered":"Import\u00e2ncia dos vigilantes \u00e9 reconhecida mais uma vez"},"content":{"rendered":"<p style=\"text-align: center;\"><span style=\"font-size: 18px;\"><strong>C\u00e2mara aprova projeto de lei que institui Dia do Vigilante<\/strong><\/span><\/p>\n<figure id=\"attachment_4167\" aria-describedby=\"caption-attachment-4167\" style=\"width: 790px\" class=\"wp-caption aligncenter\"><a href=\"http:\/\/sindesvdf.com.br\/news\/wp-content\/uploads\/2015\/05\/Foto-Dia-do-Vigilante-e1431543565147.jpg\"><img loading=\"lazy\" decoding=\"async\" class=\"size-full wp-image-4167\" src=\"http:\/\/sindesvdf.com.br\/news\/wp-content\/uploads\/2015\/05\/Foto-Dia-do-Vigilante-e1431543565147.jpg\" alt=\"Em reuni\u00e3o com deputado Paulo Pimenta (PT-RS), presidente da CNTV aborda Dia Nacional do Vigilante\" width=\"790\" height=\"391\" \/><\/a><figcaption id=\"caption-attachment-4167\" class=\"wp-caption-text\">Em reuni\u00e3o com deputado Paulo Pimenta (PT-RS), presidente da CNTV aborda Dia Nacional do Vigilante<\/figcaption><\/figure>\n<p>Profissional indispens\u00e1vel nos mais diversos segmentos da sociedade, o vigilante teve sua import\u00e2ncia reconhecida mais uma vez. Na \u00faltima ter\u00e7a-feira (5), a Comiss\u00e3o de Constitui\u00e7\u00e3o, Justi\u00e7a e Cidadania (CCJC) da C\u00e2mara dos Deputados aprovou o Projeto de Lei (PL) 7399\/2010, de autoria do deputado Paulo Pimenta (PT-RS), que institui a data de 20 de junho como o<em> \u201cDia do Vigilante\u201d<\/em>.<\/p>\n<p>O texto j\u00e1 havia passado pela Comiss\u00e3o de Educa\u00e7\u00e3o e de Cultura, e foi aprovado em car\u00e1ter conclusivo na CCJC. Agora, a proposta segue pra a Mesa Diretora para posterior san\u00e7\u00e3o.<\/p>\n<p>Reconhecendo no deputado Paulo Pimenta um apoiador das bandeiras de luta da categoria, representantes da Confedera\u00e7\u00e3o Nacional dos Vigilantes (CNTV) reuniram-se com o parlamentar no in\u00edcio deste ano para tratar de assuntos de interesse dos vigilantes, inclusive o PL, que ainda n\u00e3o havia sido aprovado.<\/p>\n<p><em>\u201cA CNTV esteve atuante durante todo o processo de constru\u00e7\u00e3o e aprova\u00e7\u00e3o do PL 7399\/2010, que partiu de um pedido nosso ao deputado Paulo Pimenta. Entendemos que essa \u00e9 uma conquista muito importante na caminhada para a valoriza\u00e7\u00e3o da categoria e comemoramos a iniciativa de Pimenta, que nos ajudou a alcan\u00e7ar mais essa vit\u00f3ria\u201d<\/em>, explica o presidente da Confedera\u00e7\u00e3o Nacional dos Trabalhadores Vigilantes, Jos\u00e9 Boaventura Santos.<\/p>\n<p>Vigilantes de todo o pa\u00eds j\u00e1 haviam adotado o dia 20 de junho como o \u201cDia do Vigilante\u201d. Segundo Pimenta, a data foi mantida no Projeto de Lei devido ao entendimento de que o dia \u00e9 simb\u00f3lico para a categoria, lembrando que no ano de 1983, o dia 20 de junho foi marcado pela aprova\u00e7\u00e3o da Lei 7.102\/1983, que regulamentou a profiss\u00e3o de Vigilante.<\/p>\n<p><em>\u201cA fun\u00e7\u00e3o de vigil\u00e2ncia deve ser enaltecida, pois hoje compreende mais de 1,8 milh\u00e3o de trabalhadores, que todos os dias est\u00e3o na linha de frente, em uma atividade que complementa a seguran\u00e7a p\u00fablica. A proposta \u00e9 uma forma de reconhecer os servi\u00e7os prestados pela classe\u201d<\/em>, ressaltou o deputado Paulo Pimenta, que tamb\u00e9m participou da luta pela aprova\u00e7\u00e3o do adicional de periculosidade aos vigilantes.<\/p>\n<p style=\"text-align: right;\"><span style=\"color: #ff0000;\"><strong><em>Fonte: CNTV<\/em><\/strong><\/span><\/p>\n<p class=\"wpf_wrapper\"><a class=\"print_link\" href=\"\" target=\"_blank\">Preparar para impress\u00e3o<\/a><\/p><!-- .wpf_wrapper -->","protected":false},"excerpt":{"rendered":"<p>C\u00e2mara aprova projeto de lei que institui Dia do Vigilante Profissional indispens\u00e1vel nos mais diversos segmentos da sociedade, o vigilante&hellip; <\/p>\n","protected":false},"author":1,"featured_media":0,"comment_status":"closed","ping_status":"closed","sticky":false,"template":"","format":"standard","meta":{"footnotes":""},"categories":[7],"tags":[],"class_list":["post-4165","post","type-post","status-publish","format-standard","hentry","category-noticias"],"jetpack_featured_media_url":"","_links":{"self":[{"href":"https:\/\/sindesvdf.com.br\/news\/wp-json\/wp\/v2\/posts\/4165","targetHints":{"allow":["GET"]}}],"collection":[{"href":"https:\/\/sindesvdf.com.br\/news\/wp-json\/wp\/v2\/posts"}],"about":[{"href":"https:\/\/sindesvdf.com.br\/news\/wp-json\/wp\/v2\/types\/post"}],"author":[{"embeddable":true,"href":"https:\/\/sindesvdf.com.br\/news\/wp-json\/wp\/v2\/users\/1"}],"replies":[{"embeddable":true,"href":"https:\/\/sindesvdf.com.br\/news\/wp-json\/wp\/v2\/comments?post=4165"}],"version-history":[{"count":4,"href":"https:\/\/sindesvdf.com.br\/news\/wp-json\/wp\/v2\/posts\/4165\/revisions"}],"predecessor-version":[{"id":4170,"href":"https:\/\/sindesvdf.com.br\/news\/wp-json\/wp\/v2\/posts\/4165\/revisions\/4170"}],"wp:attachment":[{"href":"https:\/\/sindesvdf.com.br\/news\/wp-json\/wp\/v2\/media?parent=4165"}],"wp:term":[{"taxonomy":"category","embeddable":true,"href":"https:\/\/sindesvdf.com.br\/news\/wp-json\/wp\/v2\/categories?post=4165"},{"taxonomy":"post_tag","embeddable":true,"href":"https:\/\/sindesvdf.com.br\/news\/wp-json\/wp\/v2\/tags?post=4165"}],"curies":[{"name":"wp","href":"https:\/\/api.w.org\/{rel}","templated":true}]}}