{"id":4171,"date":"2015-05-15T09:16:03","date_gmt":"2015-05-15T12:16:03","guid":{"rendered":"http:\/\/sindesvdf.com.br\/news\/?p=4171"},"modified":"2015-05-15T09:16:03","modified_gmt":"2015-05-15T12:16:03","slug":"vigilantes-lotam-audiencia-publica-e-pressionam-parlamentares-pela-aprovacao-do-pl-423812","status":"publish","type":"post","link":"https:\/\/sindesvdf.com.br\/news\/vigilantes-lotam-audiencia-publica-e-pressionam-parlamentares-pela-aprovacao-do-pl-423812\/","title":{"rendered":"Vigilantes lotam audi\u00eancia p\u00fablica e pressionam parlamentares pela aprova\u00e7\u00e3o do PL 4238\/12"},"content":{"rendered":"<figure id=\"attachment_4172\" aria-describedby=\"caption-attachment-4172\" style=\"width: 790px\" class=\"wp-caption aligncenter\"><a href=\"http:\/\/sindesvdf.com.br\/news\/wp-content\/uploads\/2015\/05\/PL4238_12.jpg\"><img loading=\"lazy\" decoding=\"async\" class=\"wp-image-4172\" src=\"http:\/\/sindesvdf.com.br\/news\/wp-content\/uploads\/2015\/05\/PL4238_12.jpg\" alt=\"Trabalhadores mobilizados mostram determina\u00e7\u00e3o para alcan\u00e7ar o piso nacional para categoria\" width=\"790\" height=\"312\" srcset=\"https:\/\/sindesvdf.com.br\/news\/wp-content\/uploads\/2015\/05\/PL4238_12.jpg 2346w, https:\/\/sindesvdf.com.br\/news\/wp-content\/uploads\/2015\/05\/PL4238_12-300x118.jpg 300w, https:\/\/sindesvdf.com.br\/news\/wp-content\/uploads\/2015\/05\/PL4238_12-790x312.jpg 790w, https:\/\/sindesvdf.com.br\/news\/wp-content\/uploads\/2015\/05\/PL4238_12-600x237.jpg 600w, https:\/\/sindesvdf.com.br\/news\/wp-content\/uploads\/2015\/05\/PL4238_12-80x32.jpg 80w, https:\/\/sindesvdf.com.br\/news\/wp-content\/uploads\/2015\/05\/PL4238_12-150x59.jpg 150w, https:\/\/sindesvdf.com.br\/news\/wp-content\/uploads\/2015\/05\/PL4238_12-900x355.jpg 900w\" sizes=\"auto, (max-width: 790px) 100vw, 790px\" \/><\/a><figcaption id=\"caption-attachment-4172\" class=\"wp-caption-text\">Trabalhadores mobilizados mostram determina\u00e7\u00e3o para alcan\u00e7ar o piso nacional para categoria<\/figcaption><\/figure>\n<p>Na manh\u00e3 dessa quinta-feira (14), dezenas de trabalhadores vigilantes e lideran\u00e7as sindicais que representam a categoria lotaram o plen\u00e1rio 12 da C\u00e2mara dos Deputados e participaram da segunda audi\u00eancia p\u00fablica da comiss\u00e3o especial que atualmente analisa o Projeto de Lei (PL) 4238\/12, que prop\u00f5e a cria\u00e7\u00e3o de um piso salarial nacional para os vigilantes.<\/p>\n<p>Os manifestantes exibiram faixas e cartazes deixando claro que a categoria defende a cria\u00e7\u00e3o de um piso nacional de 3 mil reais para esses trabalhadores, que s\u00e3o expostos a in\u00fameras situa\u00e7\u00f5es de perigo em seu ambiente de trabalho e atualmente n\u00e3o possuem um piso nacional, o que gera in\u00fameras perdas para a categoria.<\/p>\n<p>Al\u00e9m dos parlamentares que comp\u00f5e a Comiss\u00e3o especial, participaram da mesa de debates representantes da Federa\u00e7\u00e3o Brasileira de Bancos, Confedera\u00e7\u00e3o Nacional dos Trabalhadores do Ramo Financeiro (trabalhadores banc\u00e1rios) e lideran\u00e7as sindicais dos vigilantes.<\/p>\n<p style=\"text-align: right;\"><span style=\"color: #ff0000;\"><em><strong>FONTE: CNTV<\/strong><\/em><\/span><\/p>\n<p class=\"wpf_wrapper\"><a class=\"print_link\" href=\"\" target=\"_blank\">Preparar para impress\u00e3o<\/a><\/p><!-- .wpf_wrapper -->","protected":false},"excerpt":{"rendered":"<p>Na manh\u00e3 dessa quinta-feira (14), dezenas de trabalhadores vigilantes e lideran\u00e7as sindicais que representam a categoria lotaram o plen\u00e1rio 12&hellip; <\/p>\n","protected":false},"author":1,"featured_media":0,"comment_status":"closed","ping_status":"closed","sticky":false,"template":"","format":"standard","meta":{"footnotes":""},"categories":[7],"tags":[],"class_list":["post-4171","post","type-post","status-publish","format-standard","hentry","category-noticias"],"jetpack_featured_media_url":"","_links":{"self":[{"href":"https:\/\/sindesvdf.com.br\/news\/wp-json\/wp\/v2\/posts\/4171","targetHints":{"allow":["GET"]}}],"collection":[{"href":"https:\/\/sindesvdf.com.br\/news\/wp-json\/wp\/v2\/posts"}],"about":[{"href":"https:\/\/sindesvdf.com.br\/news\/wp-json\/wp\/v2\/types\/post"}],"author":[{"embeddable":true,"href":"https:\/\/sindesvdf.com.br\/news\/wp-json\/wp\/v2\/users\/1"}],"replies":[{"embeddable":true,"href":"https:\/\/sindesvdf.com.br\/news\/wp-json\/wp\/v2\/comments?post=4171"}],"version-history":[{"count":1,"href":"https:\/\/sindesvdf.com.br\/news\/wp-json\/wp\/v2\/posts\/4171\/revisions"}],"predecessor-version":[{"id":4173,"href":"https:\/\/sindesvdf.com.br\/news\/wp-json\/wp\/v2\/posts\/4171\/revisions\/4173"}],"wp:attachment":[{"href":"https:\/\/sindesvdf.com.br\/news\/wp-json\/wp\/v2\/media?parent=4171"}],"wp:term":[{"taxonomy":"category","embeddable":true,"href":"https:\/\/sindesvdf.com.br\/news\/wp-json\/wp\/v2\/categories?post=4171"},{"taxonomy":"post_tag","embeddable":true,"href":"https:\/\/sindesvdf.com.br\/news\/wp-json\/wp\/v2\/tags?post=4171"}],"curies":[{"name":"wp","href":"https:\/\/api.w.org\/{rel}","templated":true}]}}