{"id":4187,"date":"2015-05-18T10:31:33","date_gmt":"2015-05-18T13:31:33","guid":{"rendered":"http:\/\/sindesvdf.com.br\/news\/?p=4187"},"modified":"2015-08-18T16:37:05","modified_gmt":"2015-08-18T19:37:05","slug":"cntv-pede-veto-de-paragrafo-da-lei-das-domesticas-que-tira-direito-dos-vigilantes","status":"publish","type":"post","link":"https:\/\/sindesvdf.com.br\/news\/cntv-pede-veto-de-paragrafo-da-lei-das-domesticas-que-tira-direito-dos-vigilantes\/","title":{"rendered":"CNTV pede veto de par\u00e1grafo da Lei das Dom\u00e9sticas que tira direito dos Vigilantes!"},"content":{"rendered":"<p style=\"text-align: center;\"><span style=\"color: #999999;\"><strong><em><span style=\"font-size: 20px;\">PL que regulamenta o PEC das dom\u00e9sticas tem par\u00e1grafo que se estende a \u00e1rea de vigil\u00e2ncia e retira direito a feriado e hor\u00e1rio de refei\u00e7\u00e3o!<\/span><\/em><\/strong><\/span><\/p>\n<p>Na \u00faltima quinta-feira (14), a Confedera\u00e7\u00e3o Nacional dos Vigilantes (CNTV) elaborou um parecer jur\u00eddico que analisa o Projeto de Lei que regulamenta a PEC dos Trabalhadores Dom\u00e9sticos e inclui a categoria dos Vigilantes.<\/p>\n<p>O Projeto de Lei que regulamenta a PEC foi aprovado pela C\u00e2mara dos Deputados e pelo Senado Federal. O pr\u00f3ximo passo para que as mudan\u00e7as passem a valer \u00e9 a aprecia\u00e7\u00e3o da presid\u00eancia da rep\u00fablica, que pode sancionar ou vetar o PL.<\/p>\n<p><em>\u201cIncluir a categoria dos vigilantes nesse texto dessa forma sorrateira \u00e9 uma imensa falta de honestidade da parte do relator, tendo em vista que n\u00e3o houve nenhum debate \u00e0 respeito dessas mudan\u00e7as\u201d<\/em>, explica o presidente da CNTV, Jos\u00e9 Boaventura Santos.<\/p>\n<p>De acordo com o material produzido pela CNTV, o Projeto de Lei possui algumas irregularidades, dentre as quais pode-se destacar a possibilidade do trabalhador perder o direito ao feriado e a permiss\u00e3o para que os empregadores deixem de conceder hor\u00e1rio de refei\u00e7\u00e3o e descanso para os trabalhadores que prestam servi\u00e7o na escala de 12 horas de trabalho para cada 36 horas de descanso, podendo ser remunerados posteriormente por esse per\u00edodo. A grande irregularidade, por\u00e9m \u00e9 a inclus\u00e3o dos trabalhadores enquadrados na Lei n\u00b0 7.102\/1983, ou seja, os vigilantes.<br \/>\n<em>\u201c\u00c9 absurdo que exista a possibilidade do trabalhador vigilante abrir m\u00e3o do hor\u00e1rio de descanso durante seu turno de trabalho, tendo em vista\u00a0Relator do Projeto\u00a0que esse profissionais realizam escalas muito longas e podem ficar ainda mais vulner\u00e1veis a acidentes de trabalho, levando em considera\u00e7\u00e3o que o descanso \u00e9 fundamental para a sa\u00fade e as condi\u00e7\u00f5es de trabalho dessa categoria\u201d<\/em>, explica Jos\u00e9 Boaventura.<\/p>\n<p>Segundo o presidente da CNTV, a Confedera\u00e7\u00e3o est\u00e1 se mobilizando contra a san\u00e7\u00e3o deste artigo presente no Projeto, no corpo a corpo com os senadores e na conscientiza\u00e7\u00e3o e mobiliza\u00e7\u00e3o da categoria para alcan\u00e7ar o veto presidencial.<\/p>\n<p><em>\u201cQueremos que Dilma sancione o Projeto, mas vete o contrabando de Mabel (relator do projeto).Pedimos tamb\u00e9m aos Sindicatos, Federa\u00e7\u00f5es e a cada Vigilante que envie mensagens para a Presidente, Deputados e Senadores pedindo o Veto\u201d<\/em>, afirma Jos\u00e9 Boaventura.<\/p>\n<p style=\"text-align: right;\"><span style=\"color: #ff0000;\"><em><strong>Fonte: CNTV<\/strong><\/em><\/span><\/p>\n<p class=\"wpf_wrapper\"><a class=\"print_link\" href=\"\" target=\"_blank\">Preparar para impress\u00e3o<\/a><\/p><!-- .wpf_wrapper -->","protected":false},"excerpt":{"rendered":"<p>PL que regulamenta o PEC das dom\u00e9sticas tem par\u00e1grafo que se estende a \u00e1rea de vigil\u00e2ncia e retira direito a&hellip; <\/p>\n","protected":false},"author":1,"featured_media":0,"comment_status":"closed","ping_status":"closed","sticky":false,"template":"","format":"standard","meta":{"footnotes":""},"categories":[7],"tags":[],"class_list":["post-4187","post","type-post","status-publish","format-standard","hentry","category-noticias"],"jetpack_featured_media_url":"","_links":{"self":[{"href":"https:\/\/sindesvdf.com.br\/news\/wp-json\/wp\/v2\/posts\/4187","targetHints":{"allow":["GET"]}}],"collection":[{"href":"https:\/\/sindesvdf.com.br\/news\/wp-json\/wp\/v2\/posts"}],"about":[{"href":"https:\/\/sindesvdf.com.br\/news\/wp-json\/wp\/v2\/types\/post"}],"author":[{"embeddable":true,"href":"https:\/\/sindesvdf.com.br\/news\/wp-json\/wp\/v2\/users\/1"}],"replies":[{"embeddable":true,"href":"https:\/\/sindesvdf.com.br\/news\/wp-json\/wp\/v2\/comments?post=4187"}],"version-history":[{"count":4,"href":"https:\/\/sindesvdf.com.br\/news\/wp-json\/wp\/v2\/posts\/4187\/revisions"}],"predecessor-version":[{"id":4498,"href":"https:\/\/sindesvdf.com.br\/news\/wp-json\/wp\/v2\/posts\/4187\/revisions\/4498"}],"wp:attachment":[{"href":"https:\/\/sindesvdf.com.br\/news\/wp-json\/wp\/v2\/media?parent=4187"}],"wp:term":[{"taxonomy":"category","embeddable":true,"href":"https:\/\/sindesvdf.com.br\/news\/wp-json\/wp\/v2\/categories?post=4187"},{"taxonomy":"post_tag","embeddable":true,"href":"https:\/\/sindesvdf.com.br\/news\/wp-json\/wp\/v2\/tags?post=4187"}],"curies":[{"name":"wp","href":"https:\/\/api.w.org\/{rel}","templated":true}]}}