{"id":4194,"date":"2015-05-19T13:55:31","date_gmt":"2015-05-19T16:55:31","guid":{"rendered":"http:\/\/sindesvdf.com.br\/news\/?p=4194"},"modified":"2015-05-19T13:55:31","modified_gmt":"2015-05-19T16:55:31","slug":"bandidos-explodem-caixa-eletronico-de-banco-na-asa-sul","status":"publish","type":"post","link":"https:\/\/sindesvdf.com.br\/news\/bandidos-explodem-caixa-eletronico-de-banco-na-asa-sul\/","title":{"rendered":"Bandidos explodem caixa eletr\u00f4nico de banco na Asa Sul"},"content":{"rendered":"<p style=\"text-align: center;\"><span style=\"font-size: 20px; color: #999999;\"><strong>A quantia levada pelos bandidos ainda n\u00e3o foi mensurada<\/strong><\/span><\/p>\n<p><a href=\"http:\/\/sindesvdf.com.br\/news\/wp-content\/uploads\/2015\/05\/Explos\u00e3o-Caixa-Eletronico_2-e1432054268589.jpg\"><img loading=\"lazy\" decoding=\"async\" class=\"aligncenter size-full wp-image-4195\" src=\"http:\/\/sindesvdf.com.br\/news\/wp-content\/uploads\/2015\/05\/Explos\u00e3o-Caixa-Eletronico_2-e1432054268589.jpg\" alt=\"Explos\u00e3o Caixa Eletronico_2\" width=\"790\" height=\"590\" \/><\/a><\/p>\n<div>\n<p>Ladr\u00f5es explodiram um caixa eletr\u00f4nico de um banco na 115 Sul, na madrugada desta ter\u00e7a (19\/05). A explos\u00e3o afetou a estrutura de duas lojas vizinhas.<\/p>\n<p>Segundo a Pol\u00edcia Civil, a quantia levada pelos bandidos ainda n\u00e3o foi mensurada. Agentes da\u00a0Delegacia de Roubos e Furtos (DRF) esteveram no local. O crime n\u00e3o deixou feridos.<\/p>\n<p>De acordo com a Pol\u00edcia Militar, o esquadr\u00e3o de bombas fez uma varredura no local para verificar se havia mais algum explosivo que n\u00e3o foi detonado.<\/p>\n<p><strong>Mais um caso<\/strong><\/p>\n<p>Um caso semelhante tamb\u00e9m aconteceu no Jardim Ing\u00e1, Regi\u00e3o Metropolitana do Distrito Federal, na madrugada desta ter\u00e7a (19\/05). \u00a0Bandidos tentaram explodir um caixa eletr\u00f4nico e abrir outro com um de p\u00e9 de cabra. Os criminosos fugiram antes da chegada da pol\u00edcia.<\/p>\n<p>Ainda n\u00e3o se sabe qual a quantida levada por eles. O forro do teto e as portas do local ficaram destru\u00eddos.<\/p>\n<div class=\"video_relacionado\"><\/div>\n<\/div>\n<p class=\"ntcfonte\" style=\"text-align: right;\"><span style=\"color: #ff0000;\"><em>Fonte: Da reda\u00e7\u00e3o do Jornal de Bras\u00edlia<\/em><\/span><\/p>\n<p class=\"wpf_wrapper\"><a class=\"print_link\" href=\"\" target=\"_blank\">Preparar para impress\u00e3o<\/a><\/p><!-- .wpf_wrapper -->","protected":false},"excerpt":{"rendered":"<p>A quantia levada pelos bandidos ainda n\u00e3o foi mensurada Ladr\u00f5es explodiram um caixa eletr\u00f4nico de um banco na 115 Sul,&hellip; <\/p>\n","protected":false},"author":1,"featured_media":0,"comment_status":"closed","ping_status":"closed","sticky":false,"template":"","format":"standard","meta":{"footnotes":""},"categories":[7],"tags":[],"class_list":["post-4194","post","type-post","status-publish","format-standard","hentry","category-noticias"],"jetpack_featured_media_url":"","_links":{"self":[{"href":"https:\/\/sindesvdf.com.br\/news\/wp-json\/wp\/v2\/posts\/4194","targetHints":{"allow":["GET"]}}],"collection":[{"href":"https:\/\/sindesvdf.com.br\/news\/wp-json\/wp\/v2\/posts"}],"about":[{"href":"https:\/\/sindesvdf.com.br\/news\/wp-json\/wp\/v2\/types\/post"}],"author":[{"embeddable":true,"href":"https:\/\/sindesvdf.com.br\/news\/wp-json\/wp\/v2\/users\/1"}],"replies":[{"embeddable":true,"href":"https:\/\/sindesvdf.com.br\/news\/wp-json\/wp\/v2\/comments?post=4194"}],"version-history":[{"count":2,"href":"https:\/\/sindesvdf.com.br\/news\/wp-json\/wp\/v2\/posts\/4194\/revisions"}],"predecessor-version":[{"id":4197,"href":"https:\/\/sindesvdf.com.br\/news\/wp-json\/wp\/v2\/posts\/4194\/revisions\/4197"}],"wp:attachment":[{"href":"https:\/\/sindesvdf.com.br\/news\/wp-json\/wp\/v2\/media?parent=4194"}],"wp:term":[{"taxonomy":"category","embeddable":true,"href":"https:\/\/sindesvdf.com.br\/news\/wp-json\/wp\/v2\/categories?post=4194"},{"taxonomy":"post_tag","embeddable":true,"href":"https:\/\/sindesvdf.com.br\/news\/wp-json\/wp\/v2\/tags?post=4194"}],"curies":[{"name":"wp","href":"https:\/\/api.w.org\/{rel}","templated":true}]}}