{"id":4198,"date":"2015-05-19T15:59:35","date_gmt":"2015-05-19T18:59:35","guid":{"rendered":"http:\/\/sindesvdf.com.br\/news\/?p=4198"},"modified":"2015-05-19T16:00:36","modified_gmt":"2015-05-19T19:00:36","slug":"santa-helena-fecha-as-portas-e-da-calote-nos-trabalhadores","status":"publish","type":"post","link":"https:\/\/sindesvdf.com.br\/news\/santa-helena-fecha-as-portas-e-da-calote-nos-trabalhadores\/","title":{"rendered":"Santa Helena fecha as portas e d\u00e1 calote nos trabalhadores"},"content":{"rendered":"<p style=\"text-align: center;\"><a href=\"http:\/\/sindesvdf.com.br\/news\/wp-content\/uploads\/2015\/05\/sh_empresa_falida.jpg\"><img loading=\"lazy\" decoding=\"async\" class=\"aligncenter size-full wp-image-4200\" src=\"http:\/\/sindesvdf.com.br\/news\/wp-content\/uploads\/2015\/05\/sh_empresa_falida.jpg\" alt=\"sh_empresa_falida\" width=\"736\" height=\"415\" srcset=\"https:\/\/sindesvdf.com.br\/news\/wp-content\/uploads\/2015\/05\/sh_empresa_falida.jpg 736w, https:\/\/sindesvdf.com.br\/news\/wp-content\/uploads\/2015\/05\/sh_empresa_falida-300x169.jpg 300w, https:\/\/sindesvdf.com.br\/news\/wp-content\/uploads\/2015\/05\/sh_empresa_falida-600x338.jpg 600w, https:\/\/sindesvdf.com.br\/news\/wp-content\/uploads\/2015\/05\/sh_empresa_falida-80x45.jpg 80w, https:\/\/sindesvdf.com.br\/news\/wp-content\/uploads\/2015\/05\/sh_empresa_falida-150x85.jpg 150w\" sizes=\"auto, (max-width: 736px) 100vw, 736px\" \/><\/a><\/p>\n<p>No dia 15 de maio, a empresa Santa Helena decretou fal\u00eancia deixando um rastro de destrui\u00e7\u00e3o. Apesar de tantos contratos, \u00e9 mais uma empresa que fecha as portas com amea\u00e7a de calote em seus empregados. <u><\/u><u><\/u><\/p>\n<p>\u00c9 inacredit\u00e1vel que uma empresa com tantos contratos venha decretar fal\u00eancia, criando transtornos e preju\u00edzos para seus empregados, como est\u00e1 ocorrendo agora e com muita inseguran\u00e7a quanto ao pagamento das verbas rescis\u00f3rias. Infelizmente s\u00e3o poucas as empresas com contratos novos no GDF e governo federal, por isso, a lei anti-calote ainda n\u00e3o est\u00e1 em pleno vigor. Somente com a renova\u00e7\u00e3o de todos os contratos de vigil\u00e2ncia ser\u00e1 poss\u00edvel resolver de vez a situa\u00e7\u00e3o dos trabalhadores quando a empresa quebra.<u><\/u><u><\/u><\/p>\n<p>Diante de mais essa situa\u00e7\u00e3o ca\u00f3tica, o Sindicato dos Vigilantes do DF est\u00e1 atento e acompanhando as novas empresas que assumem seus postos de trabalho e como j\u00e1 vimos t\u00eam empresas que est\u00e3o no mesmo rumo da Santa Helena que est\u00e3o no p\u00e1reo para assumirem seus postos de servi\u00e7o, o que certamente criar\u00e1 mais problemas em um futuro breve. Estamos alertando os \u00f3rg\u00e3os sobre isso.<u><\/u><u><\/u><\/p>\n<p>O Sindicato\u00a0vai\u00a0buscar os direitos da categoria na Justi\u00e7a e tamb\u00e9m lutar para defender a manuten\u00e7\u00e3o do emprego de cada vigilante para que permane\u00e7a em seu posto de servi\u00e7o.<u><\/u><u><\/u><\/p>\n<hr \/>\n<p>&nbsp;<\/p>\n<p style=\"text-align: center;\"><span style=\"font-size: 24px;\"><b>Aten\u00e7\u00e3o Vigilantes da Santa Helena<\/b><\/span><\/p>\n<p style=\"text-align: center;\"><span style=\"font-size: 24px;\"><em>O Sindicato convoca para Assembleia Geral<\/em><\/span><u><\/u><u><\/u><\/p>\n<p>O Sindicato dos Vigilantes do DF convoca todos os empregados da Santa Helena que prestam servi\u00e7o nos seguintes \u00f3rg\u00e3os e empresas p\u00fablicas: DFTRANS; EMBRATUR; IFB \u2013 INSTITUTO FEDERAL DE BRAS\u00cdLIA; IPEA, JUSTI\u00c7A FEDERAL; MINIST\u00c9RIO DE DESENVOLVIMENTO AGR\u00c1RIO; SECRETARIA DE ASSUNTOS ESTRAT\u00c9GICOS (SAE); SEBRAE; FRONA (IBAMA) e NOVA CASA (P\u00d3LO JK), para participarem de Assembleia Geral para discutir assuntos de interesse de todos e todas.<u><\/u><u><\/u><\/p>\n<p style=\"text-align: center;\"><span style=\"font-size: 20px;\"><strong>Assembleia Geral<u><\/u><u><\/u><\/strong><\/span><\/p>\n<p style=\"text-align: center;\"><span style=\"font-size: 20px;\"><strong>Dia: 22\/05 \u2013 sexta-feira \u2013 \u00e0s 09h<u><\/u><u><\/u><\/strong><\/span><\/p>\n<p style=\"text-align: center;\"><span style=\"font-size: 20px;\"><strong>Local: Sede do Sindicato (SDS Ed. Ven\u00e2ncio IV \u2013 T\u00e9rreo \u2013 CONIC)<u><\/u><u><\/u><\/strong><\/span><\/p>\n<p style=\"text-align: center;\"><span style=\"font-size: 20px;\"><strong>Pauta:<u><\/u><u><\/u><\/strong><\/span><\/p>\n<p style=\"text-align: center;\"><span style=\"font-size: 20px;\"><strong>Verbas Rescis\u00f3rias;<u><\/u><u><\/u><\/strong><\/span><\/p>\n<p style=\"text-align: center;\"><span style=\"font-size: 20px;\"><strong>Assuntos Gerais<\/strong><\/span><\/p>\n<p class=\"wpf_wrapper\"><a class=\"print_link\" href=\"\" target=\"_blank\">Preparar para impress\u00e3o<\/a><\/p><!-- .wpf_wrapper -->","protected":false},"excerpt":{"rendered":"<p>No dia 15 de maio, a empresa Santa Helena decretou fal\u00eancia deixando um rastro de destrui\u00e7\u00e3o. Apesar de tantos contratos,&hellip; <\/p>\n","protected":false},"author":1,"featured_media":0,"comment_status":"closed","ping_status":"closed","sticky":false,"template":"","format":"standard","meta":{"footnotes":""},"categories":[7],"tags":[],"class_list":["post-4198","post","type-post","status-publish","format-standard","hentry","category-noticias"],"jetpack_featured_media_url":"","_links":{"self":[{"href":"https:\/\/sindesvdf.com.br\/news\/wp-json\/wp\/v2\/posts\/4198","targetHints":{"allow":["GET"]}}],"collection":[{"href":"https:\/\/sindesvdf.com.br\/news\/wp-json\/wp\/v2\/posts"}],"about":[{"href":"https:\/\/sindesvdf.com.br\/news\/wp-json\/wp\/v2\/types\/post"}],"author":[{"embeddable":true,"href":"https:\/\/sindesvdf.com.br\/news\/wp-json\/wp\/v2\/users\/1"}],"replies":[{"embeddable":true,"href":"https:\/\/sindesvdf.com.br\/news\/wp-json\/wp\/v2\/comments?post=4198"}],"version-history":[{"count":1,"href":"https:\/\/sindesvdf.com.br\/news\/wp-json\/wp\/v2\/posts\/4198\/revisions"}],"predecessor-version":[{"id":4201,"href":"https:\/\/sindesvdf.com.br\/news\/wp-json\/wp\/v2\/posts\/4198\/revisions\/4201"}],"wp:attachment":[{"href":"https:\/\/sindesvdf.com.br\/news\/wp-json\/wp\/v2\/media?parent=4198"}],"wp:term":[{"taxonomy":"category","embeddable":true,"href":"https:\/\/sindesvdf.com.br\/news\/wp-json\/wp\/v2\/categories?post=4198"},{"taxonomy":"post_tag","embeddable":true,"href":"https:\/\/sindesvdf.com.br\/news\/wp-json\/wp\/v2\/tags?post=4198"}],"curies":[{"name":"wp","href":"https:\/\/api.w.org\/{rel}","templated":true}]}}