{"id":4216,"date":"2015-05-20T17:17:56","date_gmt":"2015-05-20T20:17:56","guid":{"rendered":"http:\/\/sindesvdf.com.br\/news\/?p=4216"},"modified":"2015-05-25T11:24:15","modified_gmt":"2015-05-25T14:24:15","slug":"sindicato-faz-ato-no-cebraspe-cespeunb-contra-o-terror-praticado-por-3-gestores-de-seguranca-2","status":"publish","type":"post","link":"https:\/\/sindesvdf.com.br\/news\/sindicato-faz-ato-no-cebraspe-cespeunb-contra-o-terror-praticado-por-3-gestores-de-seguranca-2\/","title":{"rendered":"Sindicato faz ato no CEBRASPE (CESPE)\/UnB contra o terror praticado por 3 gestores de seguran\u00e7a"},"content":{"rendered":"<p style=\"text-align: center;\"><a href=\"http:\/\/sindesvdf.com.br\/news\/wp-content\/uploads\/2015\/05\/DSC_0024.jpg\"><img loading=\"lazy\" decoding=\"async\" class=\" wp-image-4277 size-large aligncenter\" src=\"http:\/\/sindesvdf.com.br\/news\/wp-content\/uploads\/2015\/05\/DSC_0069-790x527.jpg\" alt=\"DSC_0069\" width=\"710\" height=\"474\" srcset=\"https:\/\/sindesvdf.com.br\/news\/wp-content\/uploads\/2015\/05\/DSC_0069-790x527.jpg 790w, https:\/\/sindesvdf.com.br\/news\/wp-content\/uploads\/2015\/05\/DSC_0069-300x200.jpg 300w, https:\/\/sindesvdf.com.br\/news\/wp-content\/uploads\/2015\/05\/DSC_0069-80x53.jpg 80w, https:\/\/sindesvdf.com.br\/news\/wp-content\/uploads\/2015\/05\/DSC_0069-150x100.jpg 150w, https:\/\/sindesvdf.com.br\/news\/wp-content\/uploads\/2015\/05\/DSC_0069.jpg 1614w\" sizes=\"auto, (max-width: 710px) 100vw, 710px\" \/><\/a><\/p>\n<p><img loading=\"lazy\" decoding=\"async\" class=\"alignright wp-image-4275\" src=\"http:\/\/sindesvdf.com.br\/news\/wp-content\/uploads\/2015\/05\/DSC_0045-300x200.jpg\" alt=\"DSC_0045\" width=\"400\" height=\"267\" srcset=\"https:\/\/sindesvdf.com.br\/news\/wp-content\/uploads\/2015\/05\/DSC_0045-300x200.jpg 300w, https:\/\/sindesvdf.com.br\/news\/wp-content\/uploads\/2015\/05\/DSC_0045-790x527.jpg 790w, https:\/\/sindesvdf.com.br\/news\/wp-content\/uploads\/2015\/05\/DSC_0045-80x53.jpg 80w, https:\/\/sindesvdf.com.br\/news\/wp-content\/uploads\/2015\/05\/DSC_0045-150x100.jpg 150w, https:\/\/sindesvdf.com.br\/news\/wp-content\/uploads\/2015\/05\/DSC_0045.jpg 1614w\" sizes=\"auto, (max-width: 400px) 100vw, 400px\" \/><img loading=\"lazy\" decoding=\"async\" class=\"alignright wp-image-4276\" src=\"http:\/\/sindesvdf.com.br\/news\/wp-content\/uploads\/2015\/05\/DSC_0053-300x200.jpg\" alt=\"DSC_0053\" width=\"400\" height=\"267\" srcset=\"https:\/\/sindesvdf.com.br\/news\/wp-content\/uploads\/2015\/05\/DSC_0053-300x200.jpg 300w, https:\/\/sindesvdf.com.br\/news\/wp-content\/uploads\/2015\/05\/DSC_0053-790x527.jpg 790w, https:\/\/sindesvdf.com.br\/news\/wp-content\/uploads\/2015\/05\/DSC_0053-80x53.jpg 80w, https:\/\/sindesvdf.com.br\/news\/wp-content\/uploads\/2015\/05\/DSC_0053-150x100.jpg 150w, https:\/\/sindesvdf.com.br\/news\/wp-content\/uploads\/2015\/05\/DSC_0053.jpg 1614w\" sizes=\"auto, (max-width: 400px) 100vw, 400px\" \/><img loading=\"lazy\" decoding=\"async\" class=\"alignright wp-image-4274\" src=\"http:\/\/sindesvdf.com.br\/news\/wp-content\/uploads\/2015\/05\/DSC_0024-300x200.jpg\" alt=\"DSC_0024\" width=\"400\" height=\"267\" srcset=\"https:\/\/sindesvdf.com.br\/news\/wp-content\/uploads\/2015\/05\/DSC_0024-300x200.jpg 300w, https:\/\/sindesvdf.com.br\/news\/wp-content\/uploads\/2015\/05\/DSC_0024-790x527.jpg 790w, https:\/\/sindesvdf.com.br\/news\/wp-content\/uploads\/2015\/05\/DSC_0024-80x53.jpg 80w, https:\/\/sindesvdf.com.br\/news\/wp-content\/uploads\/2015\/05\/DSC_0024-150x100.jpg 150w, https:\/\/sindesvdf.com.br\/news\/wp-content\/uploads\/2015\/05\/DSC_0024.jpg 1614w\" sizes=\"auto, (max-width: 400px) 100vw, 400px\" \/>Diante das in\u00fameras persegui\u00e7\u00f5es, gritos, xingamentos e trocas de postos\u00a0 sem justificativa e em claro preju\u00edzo aos vigilantes, o Sindicato dos Vigilantes do DF (SINDESV-DF) chamou um ato para o dia 20\/05, em frente ao CEBRASPE (antigo CESPE)\/UnB, que teve um efeito bastante positivo.<\/p>\n<p>Na ocasi\u00e3o, distribu\u00edmos um panfleto explicando aos demais funcion\u00e1rios e usu\u00e1rios as raz\u00f5es da atividade e fomos recebidos pelo diretor Geral do CEBRASPE, senhor Paulo Portela, que disse desconhecer o ass\u00e9dio moral praticado contra os vigilantes da empresa \u00c1GIL e que ao ler o panfleto, ficou chocado com o teor das den\u00fancias. Ele disse tamb\u00e9m que vai apurar as den\u00fancias.<\/p>\n<p>&nbsp;<\/p>\n<p><span style=\"font-size: 20px;\"><strong>O que os tr\u00eas gestores assediadores estavam aprontando<\/strong><\/span><\/p>\n<p>Com a clara finalidade de obrigar os vigilantes a pedirem demiss\u00e3o, os gestores do contrato de seguran\u00e7a vinham trocando os postos de servi\u00e7o dos mesmos (o CEBRASPE tem postos de servi\u00e7o em v\u00e1rias cidades do DF). Por exemplo um vigilante que mora em Valpara\u00edso e que prestava servi\u00e7o no posto do Gama, foi transferido para Sobradinho. Outro que mora em Planaltina, foi transferido para o posto do Gama e um vigilante que mora em Ceil\u00e2ndia e faz faculdade nessa cidade, transferiram para Planaltina, impedindo que o mesmo continuasse com seus estudos. No caso desse vigilante, ele procurou o Sindicato para saber dos seus direitos como estudante, e embora tenha recebido o apoio da \u00c1gil, que o retornou ao posto original, os gestores n\u00e3o gostaram e o devolveram para a Empresa e o mesmo foi demitido, pois a \u00c1gil n\u00e3o tinha outro posto para colocar o mesmo.<\/p>\n<p>O diretor Geral do CEBRASPE, Paulo Portela, uma institui\u00e7\u00e3o que defende a educa\u00e7\u00e3o e o acesso \u00e0 mesma, disse que este fato o deixou indignado, pois os gestores de seguran\u00e7a estavam impedindo o vigilante de estudar, contrariando os princ\u00edpios do \u00f3rg\u00e3o.<\/p>\n<p>A delegada sindical do SINDESV-DF, Juliana, que recomendou aos vigilantes que procurassem o Sindicato para denunciar o ass\u00e9dio que estavam sofrendo, tamb\u00e9m foi devolvida \u00e0 empresa pelos gestores e agora est\u00e1 na reserva.<\/p>\n<p class=\"wpf_wrapper\"><a class=\"print_link\" href=\"\" target=\"_blank\">Preparar para impress\u00e3o<\/a><\/p><!-- .wpf_wrapper -->","protected":false},"excerpt":{"rendered":"<p>Diante das in\u00fameras persegui\u00e7\u00f5es, gritos, xingamentos e trocas de postos\u00a0 sem justificativa e em claro preju\u00edzo aos vigilantes, o Sindicato&hellip; <\/p>\n","protected":false},"author":1,"featured_media":0,"comment_status":"closed","ping_status":"closed","sticky":false,"template":"","format":"standard","meta":{"footnotes":""},"categories":[7],"tags":[],"class_list":["post-4216","post","type-post","status-publish","format-standard","hentry","category-noticias"],"jetpack_featured_media_url":"","_links":{"self":[{"href":"https:\/\/sindesvdf.com.br\/news\/wp-json\/wp\/v2\/posts\/4216","targetHints":{"allow":["GET"]}}],"collection":[{"href":"https:\/\/sindesvdf.com.br\/news\/wp-json\/wp\/v2\/posts"}],"about":[{"href":"https:\/\/sindesvdf.com.br\/news\/wp-json\/wp\/v2\/types\/post"}],"author":[{"embeddable":true,"href":"https:\/\/sindesvdf.com.br\/news\/wp-json\/wp\/v2\/users\/1"}],"replies":[{"embeddable":true,"href":"https:\/\/sindesvdf.com.br\/news\/wp-json\/wp\/v2\/comments?post=4216"}],"version-history":[{"count":25,"href":"https:\/\/sindesvdf.com.br\/news\/wp-json\/wp\/v2\/posts\/4216\/revisions"}],"predecessor-version":[{"id":4288,"href":"https:\/\/sindesvdf.com.br\/news\/wp-json\/wp\/v2\/posts\/4216\/revisions\/4288"}],"wp:attachment":[{"href":"https:\/\/sindesvdf.com.br\/news\/wp-json\/wp\/v2\/media?parent=4216"}],"wp:term":[{"taxonomy":"category","embeddable":true,"href":"https:\/\/sindesvdf.com.br\/news\/wp-json\/wp\/v2\/categories?post=4216"},{"taxonomy":"post_tag","embeddable":true,"href":"https:\/\/sindesvdf.com.br\/news\/wp-json\/wp\/v2\/tags?post=4216"}],"curies":[{"name":"wp","href":"https:\/\/api.w.org\/{rel}","templated":true}]}}