{"id":4337,"date":"2015-05-27T15:34:47","date_gmt":"2015-05-27T18:34:47","guid":{"rendered":"http:\/\/sindesvdf.com.br\/news\/?p=4337"},"modified":"2015-05-27T16:51:17","modified_gmt":"2015-05-27T19:51:17","slug":"confederal-deve-indenizar-filha-de-vigilante-que-ficou-paraplegico-ao-ser-baleado-em-servico","status":"publish","type":"post","link":"https:\/\/sindesvdf.com.br\/news\/confederal-deve-indenizar-filha-de-vigilante-que-ficou-paraplegico-ao-ser-baleado-em-servico\/","title":{"rendered":"Confederal deve indenizar filha de vigilante que ficou parapl\u00e9gico ao ser baleado em servi\u00e7o"},"content":{"rendered":"<p><a href=\"http:\/\/sindesvdf.com.br\/news\/wp-content\/uploads\/2015\/05\/vigilante.jpg\"><img loading=\"lazy\" decoding=\"async\" class=\" size-full wp-image-4338 alignright\" src=\"http:\/\/sindesvdf.com.br\/news\/wp-content\/uploads\/2015\/05\/vigilante.jpg\" alt=\"vigilante\" width=\"200\" height=\"230\" srcset=\"https:\/\/sindesvdf.com.br\/news\/wp-content\/uploads\/2015\/05\/vigilante.jpg 200w, https:\/\/sindesvdf.com.br\/news\/wp-content\/uploads\/2015\/05\/vigilante-70x80.jpg 70w, https:\/\/sindesvdf.com.br\/news\/wp-content\/uploads\/2015\/05\/vigilante-130x150.jpg 130w\" sizes=\"auto, (max-width: 200px) 100vw, 200px\" \/><\/a>A filha de um vigilante da Confederal Vigil\u00e2ncia e Transporte de Valores Ltda., que ficou parapl\u00e9gico ap\u00f3s ser baleado em servi\u00e7o por criminosos, vai receber R$ 60 mil a t\u00edtulo de indeniza\u00e7\u00e3o por danos morais e est\u00e9ticos. Um ano e cinco meses depois de ajuizar a a\u00e7\u00e3o, quando ainda em curso o processo, o trabalhador faleceu, sendo que sua morte n\u00e3o teve qualquer rela\u00e7\u00e3o como acidente.<\/p>\n<p>Na reclama\u00e7\u00e3o, o vigilante disse que sua fun\u00e7\u00e3o na empresa era realizar saques e dep\u00f3sitos entre ag\u00eancias banc\u00e1rias, para abastecimento e recolhimento de valores em caixas eletr\u00f4nicos e recarga de valores em terminais banc\u00e1rios. Em fevereiro de 2013, ao reabastecer um terminal, a sua equipe foi atacada por criminosos. O vigilante foi alvejado por projeteis que ficaram alojados em sua coluna vertebral. Em consequ\u00eancia do acidente, o autor acabou ficando parapl\u00e9gico, com incapacidade total para o trabalho.<\/p>\n<p>Diante do falecimento do autor da reclama\u00e7\u00e3o, a Confederal requereu a extin\u00e7\u00e3o do processo, alegando que a a\u00e7\u00e3o tem por objeto direitos personal\u00edssimos, que n\u00e3o poderiam ser transferidos.<\/p>\n<p>Para a ju\u00edza Adriana Zveiter, da 6\u00aa Vara do Trabalho de Bras\u00edlia, que assinou a senten\u00e7a, o direito \u00e0 indeniza\u00e7\u00e3o pode ser transmitido \u00e0 filha, na condi\u00e7\u00e3o de sucessora, exatamente porque o vigilante j\u00e1 havia proposto a a\u00e7\u00e3o pleiteando a indeniza\u00e7\u00e3o.<\/p>\n<p style=\"text-align: right;\"><span style=\"color: #ff0000;\"><em>Fonte:\u00a0http:\/\/www.trt10.jus.br<\/em><\/span><\/p>\n<p class=\"wpf_wrapper\"><a class=\"print_link\" href=\"\" target=\"_blank\">Preparar para impress\u00e3o<\/a><\/p><!-- .wpf_wrapper -->","protected":false},"excerpt":{"rendered":"<p>A filha de um vigilante da Confederal Vigil\u00e2ncia e Transporte de Valores Ltda., que ficou parapl\u00e9gico ap\u00f3s ser baleado em&hellip; <\/p>\n","protected":false},"author":1,"featured_media":0,"comment_status":"closed","ping_status":"closed","sticky":false,"template":"","format":"standard","meta":{"footnotes":""},"categories":[7],"tags":[],"class_list":["post-4337","post","type-post","status-publish","format-standard","hentry","category-noticias"],"jetpack_featured_media_url":"","_links":{"self":[{"href":"https:\/\/sindesvdf.com.br\/news\/wp-json\/wp\/v2\/posts\/4337","targetHints":{"allow":["GET"]}}],"collection":[{"href":"https:\/\/sindesvdf.com.br\/news\/wp-json\/wp\/v2\/posts"}],"about":[{"href":"https:\/\/sindesvdf.com.br\/news\/wp-json\/wp\/v2\/types\/post"}],"author":[{"embeddable":true,"href":"https:\/\/sindesvdf.com.br\/news\/wp-json\/wp\/v2\/users\/1"}],"replies":[{"embeddable":true,"href":"https:\/\/sindesvdf.com.br\/news\/wp-json\/wp\/v2\/comments?post=4337"}],"version-history":[{"count":1,"href":"https:\/\/sindesvdf.com.br\/news\/wp-json\/wp\/v2\/posts\/4337\/revisions"}],"predecessor-version":[{"id":4339,"href":"https:\/\/sindesvdf.com.br\/news\/wp-json\/wp\/v2\/posts\/4337\/revisions\/4339"}],"wp:attachment":[{"href":"https:\/\/sindesvdf.com.br\/news\/wp-json\/wp\/v2\/media?parent=4337"}],"wp:term":[{"taxonomy":"category","embeddable":true,"href":"https:\/\/sindesvdf.com.br\/news\/wp-json\/wp\/v2\/categories?post=4337"},{"taxonomy":"post_tag","embeddable":true,"href":"https:\/\/sindesvdf.com.br\/news\/wp-json\/wp\/v2\/tags?post=4337"}],"curies":[{"name":"wp","href":"https:\/\/api.w.org\/{rel}","templated":true}]}}