{"id":4349,"date":"2015-06-02T17:43:20","date_gmt":"2015-06-02T20:43:20","guid":{"rendered":"http:\/\/sindesvdf.com.br\/news\/?p=4349"},"modified":"2015-06-02T17:50:22","modified_gmt":"2015-06-02T20:50:22","slug":"dilma-sanciona-plc-das-domesticas-e-veta-artigo-que-retiraria-direitos-dos-vigilantes","status":"publish","type":"post","link":"https:\/\/sindesvdf.com.br\/news\/dilma-sanciona-plc-das-domesticas-e-veta-artigo-que-retiraria-direitos-dos-vigilantes\/","title":{"rendered":"Dilma sanciona PLC das Dom\u00e9sticas e veta artigo que retiraria direitos dos Vigilantes"},"content":{"rendered":"<figure id=\"attachment_4350\" aria-describedby=\"caption-attachment-4350\" style=\"width: 453px\" class=\"wp-caption alignright\"><a href=\"http:\/\/sindesvdf.com.br\/news\/wp-content\/uploads\/2015\/06\/Presente-de-grego.jpg\"><img loading=\"lazy\" decoding=\"async\" class=\"  wp-image-4350\" src=\"http:\/\/sindesvdf.com.br\/news\/wp-content\/uploads\/2015\/06\/Presente-de-grego-696x790.jpg\" alt=\"Presente de grego\" width=\"453\" height=\"514\" srcset=\"https:\/\/sindesvdf.com.br\/news\/wp-content\/uploads\/2015\/06\/Presente-de-grego-696x790.jpg 696w, https:\/\/sindesvdf.com.br\/news\/wp-content\/uploads\/2015\/06\/Presente-de-grego-264x300.jpg 264w, https:\/\/sindesvdf.com.br\/news\/wp-content\/uploads\/2015\/06\/Presente-de-grego-70x80.jpg 70w, https:\/\/sindesvdf.com.br\/news\/wp-content\/uploads\/2015\/06\/Presente-de-grego-132x150.jpg 132w, https:\/\/sindesvdf.com.br\/news\/wp-content\/uploads\/2015\/06\/Presente-de-grego.jpg 1536w\" sizes=\"auto, (max-width: 453px) 100vw, 453px\" \/><\/a><figcaption id=\"caption-attachment-4350\" class=\"wp-caption-text\">Deputado Sandro Mabel autor do \u201cjabuti\u201d inserido no PLC das Dom\u00e9sticas para retirar direitos dos vigilantes.<\/figcaption><\/figure>\n<p>Seguindo o prazo estabelecido, a Presidenta Dilma Roussef sancionou na segunda-feira (01\/06) o Projeto de Lei Complementar (PLC) que regulamenta a profiss\u00e3o dos empregados dom\u00e9sticos e amplia direitos da categoria.<\/p>\n<p>Em meio aos benef\u00edcios que o PLC concede a essa categoria, havia um artigo, proposto pelo deputado Sandro Mabel (PMDB), que retirava das empresas a obriga\u00e7\u00e3o de pagar o dia de trabalho durante os feriados em dobro, e o direito ao descanso em ultrajornada (12&#215;36).<\/p>\n<p>O mais estranho, por\u00e9m foi o fato do parlamentar incluir outros trabalhadores no Projeto. Completamente estranhos ao objeto do PLC, que s\u00e3o os empregados dom\u00e9sticos, os trabalhadores vigilantes acabaram entrando nesse artigo, e logo que teve conhecimento do texto, a Confedera\u00e7\u00e3o Nacional dos Vigilantes (CNTV) come\u00e7ou a mobilizar e esclarecer a categoria, para que quando o Projeto chegasse \u00e0 presid\u00eancia, fosse vetado.<\/p>\n<p><em>\u201cH\u00e1 menos de 15 dias, tomamos conhecimento da situa\u00e7\u00e3o e partimos pra cima, com a mobiliza\u00e7\u00e3o dos trabalhadores, o documento e apelo da CNTV, e o apoio do deputado Chico Vigilante e das lideran\u00e7as sindicais comprometidas na defesa da categoria.\u00a0Procuramos o Ministro do Trabalho, da Casa Civil, os 81 senadores e senadoras e a pr\u00f3pria Presidenta Dilma<\/em>\u201d, afirma o presidente da CNTV, Jos\u00e9 Boaventura Santos.<\/p>\n<p>A Confedera\u00e7\u00e3o tamb\u00e9m enviou of\u00edcio ao Ministro das Comunica\u00e7\u00f5es, ao Secret\u00e1rio de Rela\u00e7\u00f5es de Trabalho e a Consultoria Jur\u00eddica do Minist\u00e9rio do Trabalho.<\/p>\n<p>O Minist\u00e9rio do Trabalho e Emprego (MTE) apoiou, junto a alguns senadores, a luta dos Vigilantes e emitiu dois pareceres t\u00e9cnicos pedindo o veto desse artigo no PLC.<\/p>\n<p>Al\u00e9m disso, os trabalhadores foram convocados a lotar a caixa de e-mails da Presid\u00eancia com pedidos de veto ao artigo.<\/p>\n<p>A CNTV agradece a toda categoria e comemora mais uma vit\u00f3ria que s\u00f3 foi poss\u00edvel com a unidade e a mobiliza\u00e7\u00e3o de todos os trabalhadores. A Confedera\u00e7\u00e3o garante que continuar\u00e1 atenta e atuante em vista de qualquer tentativa de retirada de direitos.<\/p>\n<p><em>\u201cO dia de hoje \u00e9, sim, para comemorar a conquista dos trabalhadores dom\u00e9sticos e o al\u00edvio dos vigilantes em rela\u00e7\u00e3o aos seus direitos j\u00e1 assegurados por lei\u201d<\/em><strong>, <\/strong>completa Boaventura.<\/p>\n<p style=\"text-align: right;\"><span style=\"color: #ff0000;\"><em>Fonte: CNTV<\/em><\/span><\/p>\n<p style=\"text-align: center;\">[panel style=&#8221;panel-danger&#8221;]<br \/>\n[panel-header]<br \/>\n<strong>Leia a seguir os argumentos da Presidenta contidos na mensagem Presidencial do veto:<\/strong><br \/>\n[\/panel-header]<br \/>\n[panel-content]<br \/>\n<strong><em>\u201cRaz\u00f5es do veto: Ao possibilitar a extens\u00e3o do regime de horas previsto no caput e no par\u00e1grafo 1\u00ba do art. 10 aos empregados enquadrados na lei no 7.102, de 20 de junho de 1983 e, de forma ampla e imprecisa, a outras atividades, o dispositivo trataria da mat\u00e9ria estranha ao objeto do Projeto de Lei, que disp\u00f5e sobre o contrato de trabalho dom\u00e9stico, contrariando o disposto no art. 7\u00ba, incisivo II da Lei Complementar no 95, de 26 de fevereiro de 1998. Al\u00e9m disso, submeteria a mesmo regime categorias profissionais sujeitas a condi\u00e7\u00f5es de trabalho completamente distintas.\u201d<\/em><\/strong><br \/>\n[\/panel-content]<br \/>\n[\/panel]<\/p>\n<p class=\"wpf_wrapper\"><a class=\"print_link\" href=\"\" target=\"_blank\">Preparar para impress\u00e3o<\/a><\/p><!-- .wpf_wrapper -->","protected":false},"excerpt":{"rendered":"<p>Seguindo o prazo estabelecido, a Presidenta Dilma Roussef sancionou na segunda-feira (01\/06) o Projeto de Lei Complementar (PLC) que regulamenta&hellip; <\/p>\n","protected":false},"author":1,"featured_media":0,"comment_status":"closed","ping_status":"closed","sticky":false,"template":"","format":"standard","meta":{"footnotes":""},"categories":[7],"tags":[],"class_list":["post-4349","post","type-post","status-publish","format-standard","hentry","category-noticias"],"jetpack_featured_media_url":"","_links":{"self":[{"href":"https:\/\/sindesvdf.com.br\/news\/wp-json\/wp\/v2\/posts\/4349","targetHints":{"allow":["GET"]}}],"collection":[{"href":"https:\/\/sindesvdf.com.br\/news\/wp-json\/wp\/v2\/posts"}],"about":[{"href":"https:\/\/sindesvdf.com.br\/news\/wp-json\/wp\/v2\/types\/post"}],"author":[{"embeddable":true,"href":"https:\/\/sindesvdf.com.br\/news\/wp-json\/wp\/v2\/users\/1"}],"replies":[{"embeddable":true,"href":"https:\/\/sindesvdf.com.br\/news\/wp-json\/wp\/v2\/comments?post=4349"}],"version-history":[{"count":6,"href":"https:\/\/sindesvdf.com.br\/news\/wp-json\/wp\/v2\/posts\/4349\/revisions"}],"predecessor-version":[{"id":4356,"href":"https:\/\/sindesvdf.com.br\/news\/wp-json\/wp\/v2\/posts\/4349\/revisions\/4356"}],"wp:attachment":[{"href":"https:\/\/sindesvdf.com.br\/news\/wp-json\/wp\/v2\/media?parent=4349"}],"wp:term":[{"taxonomy":"category","embeddable":true,"href":"https:\/\/sindesvdf.com.br\/news\/wp-json\/wp\/v2\/categories?post=4349"},{"taxonomy":"post_tag","embeddable":true,"href":"https:\/\/sindesvdf.com.br\/news\/wp-json\/wp\/v2\/tags?post=4349"}],"curies":[{"name":"wp","href":"https:\/\/api.w.org\/{rel}","templated":true}]}}