{"id":4369,"date":"2015-06-10T16:56:50","date_gmt":"2015-06-10T19:56:50","guid":{"rendered":"http:\/\/sindesvdf.com.br\/news\/?p=4369"},"modified":"2015-06-30T08:47:31","modified_gmt":"2015-06-30T11:47:31","slug":"o-poder-da-greve-neste-mes-vigilantes-da-ipanema-recebem-salario-em-dia","status":"publish","type":"post","link":"https:\/\/sindesvdf.com.br\/news\/o-poder-da-greve-neste-mes-vigilantes-da-ipanema-recebem-salario-em-dia\/","title":{"rendered":"O Poder da Greve: vigilantes da Ipanema recebem sal\u00e1rio em dia!"},"content":{"rendered":"<p><a href=\"http:\/\/sindesvdf.com.br\/news\/wp-content\/uploads\/2015\/06\/ipanema.jpg\"><img loading=\"lazy\" decoding=\"async\" class=\"  wp-image-4370 alignright\" src=\"http:\/\/sindesvdf.com.br\/news\/wp-content\/uploads\/2015\/06\/ipanema-790x590.jpg\" alt=\"ipanema\" width=\"481\" height=\"359\" srcset=\"https:\/\/sindesvdf.com.br\/news\/wp-content\/uploads\/2015\/06\/ipanema-790x590.jpg 790w, https:\/\/sindesvdf.com.br\/news\/wp-content\/uploads\/2015\/06\/ipanema-300x224.jpg 300w, https:\/\/sindesvdf.com.br\/news\/wp-content\/uploads\/2015\/06\/ipanema-80x60.jpg 80w, https:\/\/sindesvdf.com.br\/news\/wp-content\/uploads\/2015\/06\/ipanema-150x112.jpg 150w, https:\/\/sindesvdf.com.br\/news\/wp-content\/uploads\/2015\/06\/ipanema.jpg 898w\" sizes=\"auto, (max-width: 481px) 100vw, 481px\" \/><\/a>No m\u00eas de maio\/2015\u00a0chegou o quinto dia \u00fatil e nada de pagamento na Ipanema que h\u00e1 meses vinha atrasando o sal\u00e1rio de seus empregados.<u><\/u><u><\/u><\/p>\n<p>Diante de mais um atraso que parecia se prolongar at\u00e9 sabe-se onde, o Sindicato dos Vigilantes do DF chamou os vigilantes da Ipanema para paralisar as atividades que atingiram postos da Secretaria de Sa\u00fade e teve grande repercuss\u00e3o na imprensa. Afinal, todos sabem que os m\u00e9dicos se recusam em atender sem vigilante no posto. Na maioria dos postos a paralisa\u00e7\u00e3o foi de 100%. Um sucesso como mobiliza\u00e7\u00e3o da categoria e o terror para a Ipanema e GDF.<u><\/u><u><\/u><\/p>\n<p>Neste m\u00eas, temendo uma nova paralisa\u00e7\u00e3o, a Empresa nem apelou para o fato de que o GDF vem atrasando o pagamento das faturas. A Ipanema pagou em dia seus empregados.<u><\/u><u><\/u><\/p>\n<p>Parab\u00e9ns aos vigilantes que deram essa grande li\u00e7\u00e3o de uni\u00e3o em defesa de seus direitos, e atendendo ao chamado do Sindicato e paralisando total.<\/p>\n<p class=\"wpf_wrapper\"><a class=\"print_link\" href=\"\" target=\"_blank\">Preparar para impress\u00e3o<\/a><\/p><!-- .wpf_wrapper -->","protected":false},"excerpt":{"rendered":"<p>No m\u00eas de maio\/2015\u00a0chegou o quinto dia \u00fatil e nada de pagamento na Ipanema que h\u00e1 meses vinha atrasando o&hellip; <\/p>\n","protected":false},"author":1,"featured_media":0,"comment_status":"closed","ping_status":"closed","sticky":false,"template":"","format":"standard","meta":{"footnotes":""},"categories":[7],"tags":[],"class_list":["post-4369","post","type-post","status-publish","format-standard","hentry","category-noticias"],"jetpack_featured_media_url":"","_links":{"self":[{"href":"https:\/\/sindesvdf.com.br\/news\/wp-json\/wp\/v2\/posts\/4369","targetHints":{"allow":["GET"]}}],"collection":[{"href":"https:\/\/sindesvdf.com.br\/news\/wp-json\/wp\/v2\/posts"}],"about":[{"href":"https:\/\/sindesvdf.com.br\/news\/wp-json\/wp\/v2\/types\/post"}],"author":[{"embeddable":true,"href":"https:\/\/sindesvdf.com.br\/news\/wp-json\/wp\/v2\/users\/1"}],"replies":[{"embeddable":true,"href":"https:\/\/sindesvdf.com.br\/news\/wp-json\/wp\/v2\/comments?post=4369"}],"version-history":[{"count":4,"href":"https:\/\/sindesvdf.com.br\/news\/wp-json\/wp\/v2\/posts\/4369\/revisions"}],"predecessor-version":[{"id":4430,"href":"https:\/\/sindesvdf.com.br\/news\/wp-json\/wp\/v2\/posts\/4369\/revisions\/4430"}],"wp:attachment":[{"href":"https:\/\/sindesvdf.com.br\/news\/wp-json\/wp\/v2\/media?parent=4369"}],"wp:term":[{"taxonomy":"category","embeddable":true,"href":"https:\/\/sindesvdf.com.br\/news\/wp-json\/wp\/v2\/categories?post=4369"},{"taxonomy":"post_tag","embeddable":true,"href":"https:\/\/sindesvdf.com.br\/news\/wp-json\/wp\/v2\/tags?post=4369"}],"curies":[{"name":"wp","href":"https:\/\/api.w.org\/{rel}","templated":true}]}}