{"id":4377,"date":"2015-06-19T10:58:36","date_gmt":"2015-06-19T13:58:36","guid":{"rendered":"http:\/\/sindesvdf.com.br\/news\/?p=4377"},"modified":"2015-06-19T10:59:37","modified_gmt":"2015-06-19T13:59:37","slug":"presidenta-dilma-sanciona-lei-que-estabelece-o-dia-nacional-do-vigilante","status":"publish","type":"post","link":"https:\/\/sindesvdf.com.br\/news\/presidenta-dilma-sanciona-lei-que-estabelece-o-dia-nacional-do-vigilante\/","title":{"rendered":"Presidenta Dilma sanciona Lei que estabelece o Dia Nacional do Vigilante"},"content":{"rendered":"<p style=\"text-align: center;\"><a href=\"http:\/\/sindesvdf.com.br\/news\/wp-content\/uploads\/2015\/03\/Assembleia-17-03-2015-1.jpg\"><img loading=\"lazy\" decoding=\"async\" class=\"alignnone wp-image-4039 size-large\" src=\"http:\/\/sindesvdf.com.br\/news\/wp-content\/uploads\/2015\/03\/Assembleia-17-03-2015-1-790x526.jpg\" alt=\"Assembleia 17-03-2015-1\" width=\"790\" height=\"526\" srcset=\"https:\/\/sindesvdf.com.br\/news\/wp-content\/uploads\/2015\/03\/Assembleia-17-03-2015-1-790x526.jpg 790w, https:\/\/sindesvdf.com.br\/news\/wp-content\/uploads\/2015\/03\/Assembleia-17-03-2015-1-300x200.jpg 300w, https:\/\/sindesvdf.com.br\/news\/wp-content\/uploads\/2015\/03\/Assembleia-17-03-2015-1-600x400.jpg 600w, https:\/\/sindesvdf.com.br\/news\/wp-content\/uploads\/2015\/03\/Assembleia-17-03-2015-1-80x53.jpg 80w, https:\/\/sindesvdf.com.br\/news\/wp-content\/uploads\/2015\/03\/Assembleia-17-03-2015-1-150x100.jpg 150w, https:\/\/sindesvdf.com.br\/news\/wp-content\/uploads\/2015\/03\/Assembleia-17-03-2015-1.jpg 800w\" sizes=\"auto, (max-width: 790px) 100vw, 790px\" \/><\/a><\/p>\n<p>Agora \u00e9 oficial. Foi publicado no Di\u00e1rio Oficial da Uni\u00e3o, em 17\/06\/2015 a san\u00e7\u00e3o presidencial \u00e0 Lei 13.136, instituindo o 20 de junho como o Dia Nacional dos Vigilantes. Isto representa um grande reconhecimento para a atividade de seguran\u00e7a privada que agora ter\u00e1 uma data-oficial, nacional.<br \/>\nA data de 20 de junho j\u00e1 era comemorada em v\u00e1rios estados, inclusive no DF, mas em outros estados e at\u00e9 munic\u00edpios haviam datas diferentes.<br \/>\nA Comiss\u00e3o de Constitui\u00e7\u00e3o e Justi\u00e7a e Cidadania aprovou no \u00faltimo dia 5 de maio\u00a0o Projeto de Lei 7505\/10, do Senado, que institui o Dia Nacional do Vigilante, a ser celebrado em 20 de junho.<br \/>\nO autor do projeto, senador Paulo Paim (PT-RS), afirmou que a data, 20 de junho, \u00e9 muito importante por ter sido o dia da san\u00e7\u00e3o da Lei 7.102\/83, que regulamentou a atividade profissional de vigilante.<em> \u201cO que buscamos alcan\u00e7ar \u00e9 a valoriza\u00e7\u00e3o desta profiss\u00e3o e, portanto, do profissional que tem a nobre tarefa de complementar a atividade de seguran\u00e7a p\u00fablica.\u201d<\/em> Segundo Paim, a maioria dos estados j\u00e1 instituiu esse dia e a proposta unifica nacionalmente a data.<br \/>\nO projeto de Lei 7505\/10, do Senado, foi aprovado no dia 05 de maio na Comiss\u00e3o de Constitui\u00e7\u00e3o e Justi\u00e7a e, ap\u00f3s passar por outras comiss\u00f5es, foi encaminhado \u00e0 san\u00e7\u00e3o presidencial.<br \/>\nFonte: SINDESV e C\u00e2mara dos Deputados<\/p>\n<p class=\"wpf_wrapper\"><a class=\"print_link\" href=\"\" target=\"_blank\">Preparar para impress\u00e3o<\/a><\/p><!-- .wpf_wrapper -->","protected":false},"excerpt":{"rendered":"<p>Agora \u00e9 oficial. Foi publicado no Di\u00e1rio Oficial da Uni\u00e3o, em 17\/06\/2015 a san\u00e7\u00e3o presidencial \u00e0 Lei 13.136, instituindo o&hellip; <\/p>\n","protected":false},"author":1,"featured_media":0,"comment_status":"closed","ping_status":"closed","sticky":false,"template":"","format":"standard","meta":{"footnotes":""},"categories":[7],"tags":[],"class_list":["post-4377","post","type-post","status-publish","format-standard","hentry","category-noticias"],"jetpack_featured_media_url":"","_links":{"self":[{"href":"https:\/\/sindesvdf.com.br\/news\/wp-json\/wp\/v2\/posts\/4377","targetHints":{"allow":["GET"]}}],"collection":[{"href":"https:\/\/sindesvdf.com.br\/news\/wp-json\/wp\/v2\/posts"}],"about":[{"href":"https:\/\/sindesvdf.com.br\/news\/wp-json\/wp\/v2\/types\/post"}],"author":[{"embeddable":true,"href":"https:\/\/sindesvdf.com.br\/news\/wp-json\/wp\/v2\/users\/1"}],"replies":[{"embeddable":true,"href":"https:\/\/sindesvdf.com.br\/news\/wp-json\/wp\/v2\/comments?post=4377"}],"version-history":[{"count":1,"href":"https:\/\/sindesvdf.com.br\/news\/wp-json\/wp\/v2\/posts\/4377\/revisions"}],"predecessor-version":[{"id":4378,"href":"https:\/\/sindesvdf.com.br\/news\/wp-json\/wp\/v2\/posts\/4377\/revisions\/4378"}],"wp:attachment":[{"href":"https:\/\/sindesvdf.com.br\/news\/wp-json\/wp\/v2\/media?parent=4377"}],"wp:term":[{"taxonomy":"category","embeddable":true,"href":"https:\/\/sindesvdf.com.br\/news\/wp-json\/wp\/v2\/categories?post=4377"},{"taxonomy":"post_tag","embeddable":true,"href":"https:\/\/sindesvdf.com.br\/news\/wp-json\/wp\/v2\/tags?post=4377"}],"curies":[{"name":"wp","href":"https:\/\/api.w.org\/{rel}","templated":true}]}}