{"id":4408,"date":"2015-06-26T14:59:53","date_gmt":"2015-06-26T17:59:53","guid":{"rendered":"http:\/\/sindesvdf.com.br\/news\/?p=4408"},"modified":"2015-06-26T15:22:05","modified_gmt":"2015-06-26T18:22:05","slug":"campanha-de-combate-a-clandestinidade-e-lancada-em-brasilia","status":"publish","type":"post","link":"https:\/\/sindesvdf.com.br\/news\/campanha-de-combate-a-clandestinidade-e-lancada-em-brasilia\/","title":{"rendered":"Campanha de Combate \u00e0 Clandestinidade \u00e9 lan\u00e7ada em Bras\u00edlia"},"content":{"rendered":"<figure id=\"attachment_4404\" aria-describedby=\"caption-attachment-4404\" style=\"width: 790px\" class=\"wp-caption aligncenter\"><a href=\"http:\/\/sindesvdf.com.br\/news\/wp-content\/uploads\/2015\/06\/informativo-cntv-25-06-2015-1.jpg\"><img loading=\"lazy\" decoding=\"async\" class=\"wp-image-4404 size-large\" src=\"http:\/\/sindesvdf.com.br\/news\/wp-content\/uploads\/2015\/06\/informativo-cntv-25-06-2015-1-790x358.jpg\" alt=\"\" width=\"790\" height=\"358\" srcset=\"https:\/\/sindesvdf.com.br\/news\/wp-content\/uploads\/2015\/06\/informativo-cntv-25-06-2015-1-790x358.jpg 790w, https:\/\/sindesvdf.com.br\/news\/wp-content\/uploads\/2015\/06\/informativo-cntv-25-06-2015-1-300x136.jpg 300w, https:\/\/sindesvdf.com.br\/news\/wp-content\/uploads\/2015\/06\/informativo-cntv-25-06-2015-1-80x36.jpg 80w, https:\/\/sindesvdf.com.br\/news\/wp-content\/uploads\/2015\/06\/informativo-cntv-25-06-2015-1-150x68.jpg 150w, https:\/\/sindesvdf.com.br\/news\/wp-content\/uploads\/2015\/06\/informativo-cntv-25-06-2015-1.jpg 1920w\" sizes=\"auto, (max-width: 790px) 100vw, 790px\" \/><\/a><figcaption id=\"caption-attachment-4404\" class=\"wp-caption-text\">O Diretor Executivo do Departamento de Pol\u00edcia Federal, Dr. Augusto Viana Galloro (centro), fez a abertura do evento.<\/figcaption><\/figure>\n<p>Atualmente o n\u00famero de vigilantes clandestinos \u00e9 de 1,5 milh\u00e3o. Mais do que o dobro dos profissionais regulares, que somam 700 mil em todo o pa\u00eds. Os dados s\u00e3o da Fenavist e foram divulgados nesta quarta-feira (24), durante o lan\u00e7amento da Campanha Nacional de Preven\u00e7\u00e3o e Combate \u00e0 Seguran\u00e7a Clandestina, realizado em Bras\u00edlia. A\u00e7\u00e3o da Pol\u00edcia Federal em parceria com a Funda\u00e7\u00e3o Brasileira de Ci\u00eancias Policiais (FBCP) e com o apoio da Federa\u00e7\u00e3o Nacional das Empresas de Seguran\u00e7a e Transporte de Valores (Fenavist), a Campanha tem como objetivo informar e alertar a popula\u00e7\u00e3o sobre os riscos envolvidos na contrata\u00e7\u00e3o de servi\u00e7os de seguran\u00e7a que n\u00e3o s\u00e3o oficialmente registrados.<\/p>\n<p>Tamb\u00e9m foi lan\u00e7ada a cartilha <strong>\u201cComo contratar seguran\u00e7a privada legal e qualificada\u201d<\/strong>. O material aponta quais crit\u00e9rios devem ser observados na hora de escolher uma empresa de seguran\u00e7a. A publica\u00e7\u00e3o tamb\u00e9m apresenta quais riscos o contratante est\u00e1 sujeito ao optar por uma empresa clandestina.<\/p>\n<h4 style=\"text-align: center;\"><strong>Seguran\u00e7a Clandestina: Riscos reais<\/strong><\/h4>\n<p>Engana-se quem acredita que n\u00e3o h\u00e1 riscos quando se opta por contratar seguran\u00e7a clandestina. Al\u00e9m de n\u00e3o possuir treinamento\u00a0adequado e, por isso, colocar em risco a pr\u00f3pria vida e tamb\u00e9m a vida de quem deveria ser protegido, os clandestinos ainda perdem no quesito trabalhista. Por n\u00e3o serem devidamente registrados, enfrentam situa\u00e7\u00f5es de ilegalidade e falta de prote\u00e7\u00e3o que, em alguns casos, podem at\u00e9 ser consideradas como sendo de trabalho escravo.<\/p>\n<p>O presidente da Confedera\u00e7\u00e3o Nacional dos Vigilantes (CNTV), Jos\u00e9 Boaventura, destaca que estes vigilantes trabalham sem quaisquer tipos de prote\u00e7\u00e3o. \u201cEles n\u00e3o possuem prote\u00e7\u00e3o trabalhista, pois n\u00e3o possuem registro profissional; n\u00e3o t\u00eam prote\u00e7\u00e3o previdenci\u00e1ria ou securit\u00e1ria, ou seja, est\u00e3o constantemente em risco e n\u00e3o contam com seguro de vida\u201d, elencou.<br \/>\nPara diminuir este n\u00famero, foi defendida a iniciativa de enquadrar a seguran\u00e7a clandestina como crime.<em> \u201c\u00c9 preciso caracterizar a vigil\u00e2ncia clandestina como mil\u00edcia independentemente do n\u00edvel \u2013 se for armada ou desarmada. Queremos que a Pol\u00edcia Federal (PF) avance nesse sentido, responsabilizando tamb\u00e9m quem contrata, pois s\u00e3o t\u00e3o criminosos quanto quem vende mercadoria ilegal ou contrabandeada\u201d<\/em>, afirmou.<\/p>\n<h4 style=\"text-align: center;\"><strong>Estatuto da Seguran\u00e7a Privada e Piso Nacional tamb\u00e9m foram debatidos<\/strong><\/h4>\n<p style=\"text-align: left;\">Al\u00e9m da Campanha, temas como o Estatuto da Seguran\u00e7a Privada e a Lei 4.238 tamb\u00e9m foram debatidos. Segundo o coordenador-geral de Estudos e Pesquisas Normativas do Minist\u00e9rio da Justi\u00e7a, Ricardo Lobo da Luz, o Estatuto continua em fase de debate porque temas importantes ainda n\u00e3o est\u00e3o fechados.<\/p>\n<p style=\"text-align: left;\">Em sua apresenta\u00e7\u00e3o, Lobo destacou como uma das principais mudan\u00e7as que deve constar no novo Estatuto a obrigatoriedade a instala\u00e7\u00e3o da porta de seguran\u00e7a com detector de metais nas institui\u00e7\u00f5es financeiras. Este \u00e9 apenas um dos itens que corrigem falhas em decorr\u00eancia da defasagem da atual lei que rege o setor.<\/p>\n<p style=\"text-align: left;\">J\u00e1 o Deputado Federal Major Olimpo, membro da Comiss\u00e3o Especial do PL 4238\/2012, contrap\u00f4s dizendo que o Legislativo far\u00e1 o Estatuto. <em>\u201cVamos ter que promover a atualiza\u00e7\u00e3o necess\u00e1ria da seguran\u00e7a e fazer com que ela seja cumprida\u201d<\/em>, defendeu. Olimpo afirmou ainda que j\u00e1 foi admitido durante audi\u00eancia p\u00fablica, em uma tentativa de responsabilizar os trabalhadores, empresas e Febraban, que ainda n\u00e3o houve andamento nestes debates.<\/p>\n<figure id=\"attachment_4405\" aria-describedby=\"caption-attachment-4405\" style=\"width: 437px\" class=\"wp-caption alignright\"><a href=\"http:\/\/sindesvdf.com.br\/news\/wp-content\/uploads\/2015\/06\/informativo-cntv-25-06-2015-3.jpg\"><img loading=\"lazy\" decoding=\"async\" class=\" wp-image-4405\" src=\"http:\/\/sindesvdf.com.br\/news\/wp-content\/uploads\/2015\/06\/informativo-cntv-25-06-2015-3-790x423.jpg\" alt=\"Diretores da CNTV e do SINDESV-DF participaram do evento.\" width=\"437\" height=\"234\" srcset=\"https:\/\/sindesvdf.com.br\/news\/wp-content\/uploads\/2015\/06\/informativo-cntv-25-06-2015-3-790x423.jpg 790w, https:\/\/sindesvdf.com.br\/news\/wp-content\/uploads\/2015\/06\/informativo-cntv-25-06-2015-3-300x161.jpg 300w, https:\/\/sindesvdf.com.br\/news\/wp-content\/uploads\/2015\/06\/informativo-cntv-25-06-2015-3-80x43.jpg 80w, https:\/\/sindesvdf.com.br\/news\/wp-content\/uploads\/2015\/06\/informativo-cntv-25-06-2015-3-150x80.jpg 150w, https:\/\/sindesvdf.com.br\/news\/wp-content\/uploads\/2015\/06\/informativo-cntv-25-06-2015-3.jpg 1196w\" sizes=\"auto, (max-width: 437px) 100vw, 437px\" \/><\/a><figcaption id=\"caption-attachment-4405\" class=\"wp-caption-text\">Diretores da CNTV e do SINDESV-DF participaram do evento.<\/figcaption><\/figure>\n<p style=\"text-align: left;\">Para Boaventura<em> \u201co executivo n\u00e3o teve coragem, n\u00e3o teve personalidade para fazer o debate, para concluir como deveria ser feito. A CNTV continuar\u00e1 pressionando tanto para que avance o Estatuto quanto o PL 4238. Precisamos de atualiza\u00e7\u00e3o da Lei e sal\u00e1rios dignos para a categoria\u201d<\/em>, concluiu.<\/p>\n<p style=\"text-align: left;\">Participaram do lan\u00e7amento o presidente da CNTV, Jos\u00e9 Boaventura; o secret\u00e1rio geral, Cl\u00e1udio Jos\u00e9; e os diretores Roberto Miguel, Edmilson Rodrigues, Mois\u00e9s Alves da Consola\u00e7\u00e3o e Elenilde Ilorca.<\/p>\n<p style=\"text-align: right;\"><span style=\"color: #ff0000;\"><em>Fonte: CNTV<\/em><\/span><\/p>\n<p class=\"wpf_wrapper\"><a class=\"print_link\" href=\"\" target=\"_blank\">Preparar para impress\u00e3o<\/a><\/p><!-- .wpf_wrapper -->","protected":false},"excerpt":{"rendered":"<p>Atualmente o n\u00famero de vigilantes clandestinos \u00e9 de 1,5 milh\u00e3o. Mais do que o dobro dos profissionais regulares, que somam&hellip; <\/p>\n","protected":false},"author":1,"featured_media":4404,"comment_status":"closed","ping_status":"closed","sticky":false,"template":"","format":"standard","meta":{"footnotes":""},"categories":[7],"tags":[],"class_list":["post-4408","post","type-post","status-publish","format-standard","has-post-thumbnail","hentry","category-noticias"],"jetpack_featured_media_url":"https:\/\/sindesvdf.com.br\/news\/wp-content\/uploads\/2015\/06\/informativo-cntv-25-06-2015-1.jpg","_links":{"self":[{"href":"https:\/\/sindesvdf.com.br\/news\/wp-json\/wp\/v2\/posts\/4408","targetHints":{"allow":["GET"]}}],"collection":[{"href":"https:\/\/sindesvdf.com.br\/news\/wp-json\/wp\/v2\/posts"}],"about":[{"href":"https:\/\/sindesvdf.com.br\/news\/wp-json\/wp\/v2\/types\/post"}],"author":[{"embeddable":true,"href":"https:\/\/sindesvdf.com.br\/news\/wp-json\/wp\/v2\/users\/1"}],"replies":[{"embeddable":true,"href":"https:\/\/sindesvdf.com.br\/news\/wp-json\/wp\/v2\/comments?post=4408"}],"version-history":[{"count":4,"href":"https:\/\/sindesvdf.com.br\/news\/wp-json\/wp\/v2\/posts\/4408\/revisions"}],"predecessor-version":[{"id":4412,"href":"https:\/\/sindesvdf.com.br\/news\/wp-json\/wp\/v2\/posts\/4408\/revisions\/4412"}],"wp:featuredmedia":[{"embeddable":true,"href":"https:\/\/sindesvdf.com.br\/news\/wp-json\/wp\/v2\/media\/4404"}],"wp:attachment":[{"href":"https:\/\/sindesvdf.com.br\/news\/wp-json\/wp\/v2\/media?parent=4408"}],"wp:term":[{"taxonomy":"category","embeddable":true,"href":"https:\/\/sindesvdf.com.br\/news\/wp-json\/wp\/v2\/categories?post=4408"},{"taxonomy":"post_tag","embeddable":true,"href":"https:\/\/sindesvdf.com.br\/news\/wp-json\/wp\/v2\/tags?post=4408"}],"curies":[{"name":"wp","href":"https:\/\/api.w.org\/{rel}","templated":true}]}}