{"id":4414,"date":"2015-06-29T10:06:20","date_gmt":"2015-06-29T13:06:20","guid":{"rendered":"http:\/\/sindesvdf.com.br\/news\/?p=4414"},"modified":"2016-07-26T13:09:19","modified_gmt":"2016-07-26T16:09:19","slug":"processos-em-andamento-no-trt-contra-empresas-acionadas-pelo-sindicato","status":"publish","type":"post","link":"https:\/\/sindesvdf.com.br\/news\/processos-em-andamento-no-trt-contra-empresas-acionadas-pelo-sindicato\/","title":{"rendered":"Como consultar seu processo no site do TRT"},"content":{"rendered":"<p><a href=\"http:\/\/www.trt10.jus.br\" target=\"_blank\"><img loading=\"lazy\" decoding=\"async\" class=\"aligncenter wp-image-4452 size-large\" src=\"http:\/\/sindesvdf.com.br\/news\/wp-content\/uploads\/2015\/06\/Passo-a-passo_TRT10-e1439489427202-790x296.png\" alt=\"Passo a passo_TRT10\" width=\"790\" height=\"296\" srcset=\"https:\/\/sindesvdf.com.br\/news\/wp-content\/uploads\/2015\/06\/Passo-a-passo_TRT10-e1439489427202-790x296.png 790w, https:\/\/sindesvdf.com.br\/news\/wp-content\/uploads\/2015\/06\/Passo-a-passo_TRT10-e1439489427202-300x113.png 300w, https:\/\/sindesvdf.com.br\/news\/wp-content\/uploads\/2015\/06\/Passo-a-passo_TRT10-e1439489427202-80x30.png 80w, https:\/\/sindesvdf.com.br\/news\/wp-content\/uploads\/2015\/06\/Passo-a-passo_TRT10-e1439489427202-150x56.png 150w, https:\/\/sindesvdf.com.br\/news\/wp-content\/uploads\/2015\/06\/Passo-a-passo_TRT10-e1439489427202.png 1466w\" sizes=\"auto, (max-width: 790px) 100vw, 790px\" \/><\/a><\/p>\n<p>&nbsp;<\/p>\n<hr \/>\n<h3 style=\"text-align: center;\"><strong>A\u00e7\u00f5es ajuizadas pelo Sindicato dos Vigilantes do DF junto ao Tribunal Regional do Trabalho 10\u00aa Regi\u00e3o em desfavor das empresas de seguran\u00e7a e vigil\u00e2ncia relacionadas abaixo.<\/strong><\/h3>\n<table style=\"height: 827px;\" width=\"790\">\n<tbody>\n<tr>\n<td width=\"288\">\n<hr \/>\n<p><strong>AC SEGURAN\u00c7A<\/strong><br \/>\nProcesso: 587\/2015 \u2013 18\u00aa Vara<br \/>\nProcesso: 2109\/2015 \u2013 18\u00aa Vara<\/td>\n<td width=\"288\">\n<hr \/>\n<p><strong>ASC\u00a0SEGURAN\u00c7A<\/strong><br \/>\nProcesso: 1006\/2015 \u2013 13\u00aa Vara<\/td>\n<\/tr>\n<tr>\n<td width=\"288\">\n<hr \/>\n<p><strong>AVAL SEGURAN\u00c7A<\/strong><br \/>\n<del>Processo: 598\/2011 \u2013\u00a03\u00aa Vara<\/del><span style=\"color: #ff0000;\"><em> (conclu\u00eddo em favor dos vigilantes)<\/em><\/span><br \/>\nProcesso: 661\/2015 \u2013 20\u00aa Vara<br \/>\nProcesso: 1038\/2015 \u2013 16\u00aa Vara<br \/>\nProcesso: 1056\/2015 \u2013\u00a021\u00aa Vara<\/td>\n<td width=\"288\">\n<hr \/>\n<p><strong>BRASFORT SEGURAN\u00c7A<\/strong><br \/>\nProcesso: 864\/2015 \u2013 10\u00aa Vara<\/td>\n<\/tr>\n<tr>\n<td width=\"288\">\n<hr \/>\n<p><strong>BRAVA SEGURAN\u00c7A<\/strong><br \/>\nProcesso: 306\/2015 \u2013 13\u00aa Vara<br \/>\nProcesso: 333\/2015 \u2013 10\u00aa Vara<br \/>\nProcesso: 684\/2015 \u2013 1\u00aa Vara<br \/>\nProcesso: 894\/2015 \u2013 6\u00aa Vara<\/td>\n<td width=\"288\">\n<hr \/>\n<p><strong>CORAL SEGURAN\u00c7A<\/strong><br \/>\nProcesso: 651\/2015 \u2013 18\u00aa Vara<\/td>\n<\/tr>\n<tr>\n<td width=\"288\">\n<hr \/>\n<p><strong>DEFESA\u00a0SEGURAN\u00c7A<\/strong><br \/>\nProcesso: 1719\/2015 \u2013 2\u00aa Vara<\/td>\n<td width=\"288\">\n<hr \/>\n<p><strong>ELITE SEGURAN\u00c7A<\/strong><br \/>\nProcesso: 603\/2015 \u2013 10\u00aa Vara<br \/>\nProcesso: 975\/2015 \u2013 4\u00aa Vara<\/td>\n<\/tr>\n<tr>\n<td width=\"288\">\n<hr \/>\n<p><strong>IPANEMA SEGURAN\u00c7A<\/strong><br \/>\nProcesso: 2201\/2012 \u2013 18\u00aa Vara<br \/>\nProcesso: 2170\/2012 \u2013 15\u00aa Vara<br \/>\nProcesso: 113\/2015 \u2013 7\u00aa Vara<br \/>\nProcesso: 926\/2015 \u2013\u00a018\u00aa Vara<\/td>\n<td width=\"288\">\n<hr \/>\n<p><strong>OMNI\u00a0SEGURAN\u00c7A<\/strong><br \/>\nProcesso: 1348\/2014 \u2013 21\u00aa Vara<\/td>\n<\/tr>\n<tr>\n<td width=\"288\">\n<hr \/>\n<p><strong>ONLINE SEGURAN\u00c7A<\/strong><br \/>\nProcesso: 533\/2015 \u2013 11\u00aa Vara<\/td>\n<td width=\"288\">\n<hr \/>\n<p><strong>PAULISTA SEGURAN\u00c7A<\/strong><br \/>\nProcesso: 942\/2015 \u2013 22\u00aa Vara<\/td>\n<\/tr>\n<tr>\n<td width=\"288\">\n<hr \/>\n<p><strong>SANTA HELENA SEGURAN\u00c7A<\/strong><br \/>\nProcesso: 629\/2015 \u2013 13\u00aa Vara<\/td>\n<td width=\"288\">\n<hr \/>\n<p><strong>SITRAN\u00a0SEGURAN\u00c7A<\/strong><br \/>\nProcesso: 979\/2015 \u2013 12\u00aa Vara<br \/>\nProcesso: 853\/2015 \u2013\u00a011\u00aa Vara<br \/>\nProcesso: 1009\/2015 \u2013\u00a010\u00aa Vara<\/td>\n<\/tr>\n<tr>\n<td width=\"288\">\n<hr \/>\n<p><strong>SULAMERICANA SEGURAN\u00c7A<\/strong><br \/>\nProcesso 663\/2015 \u2013 5\u00aa Vara<\/td>\n<td width=\"288\">\n<hr \/>\n<p><strong>VISAN SEGURAN\u00c7A<\/strong><br \/>\nProcesso: 976\/2015 \u2013 4\u00aa Vara<br \/>\nProcesso: 1657\/2015 &#8211; 11\u00aa Vara<\/td>\n<\/tr>\n<tr>\n<td width=\"288\">\n<hr \/>\n<p><strong>\u00a0<\/strong><strong>ZEPIM\u00a0SEGURAN\u00c7A<\/strong><br \/>\nProcesso 1003\/2015 \u2013 9\u00aa Vara<br \/>\nProcesso 1194\/2015 \u2013 12\u00aa Vara<\/td>\n<td width=\"288\"><\/td>\n<\/tr>\n<\/tbody>\n<\/table>\n<p>&nbsp;<\/p>\n<p class=\"wpf_wrapper\"><a class=\"print_link\" href=\"\" target=\"_blank\">Preparar para impress\u00e3o<\/a><\/p><!-- .wpf_wrapper -->","protected":false},"excerpt":{"rendered":"<p>&nbsp; A\u00e7\u00f5es ajuizadas pelo Sindicato dos Vigilantes do DF junto ao Tribunal Regional do Trabalho 10\u00aa Regi\u00e3o em desfavor das&hellip; <\/p>\n","protected":false},"author":1,"featured_media":0,"comment_status":"closed","ping_status":"closed","sticky":false,"template":"","format":"standard","meta":{"footnotes":""},"categories":[7],"tags":[],"class_list":["post-4414","post","type-post","status-publish","format-standard","hentry","category-noticias"],"jetpack_featured_media_url":"","_links":{"self":[{"href":"https:\/\/sindesvdf.com.br\/news\/wp-json\/wp\/v2\/posts\/4414","targetHints":{"allow":["GET"]}}],"collection":[{"href":"https:\/\/sindesvdf.com.br\/news\/wp-json\/wp\/v2\/posts"}],"about":[{"href":"https:\/\/sindesvdf.com.br\/news\/wp-json\/wp\/v2\/types\/post"}],"author":[{"embeddable":true,"href":"https:\/\/sindesvdf.com.br\/news\/wp-json\/wp\/v2\/users\/1"}],"replies":[{"embeddable":true,"href":"https:\/\/sindesvdf.com.br\/news\/wp-json\/wp\/v2\/comments?post=4414"}],"version-history":[{"count":28,"href":"https:\/\/sindesvdf.com.br\/news\/wp-json\/wp\/v2\/posts\/4414\/revisions"}],"predecessor-version":[{"id":6213,"href":"https:\/\/sindesvdf.com.br\/news\/wp-json\/wp\/v2\/posts\/4414\/revisions\/6213"}],"wp:attachment":[{"href":"https:\/\/sindesvdf.com.br\/news\/wp-json\/wp\/v2\/media?parent=4414"}],"wp:term":[{"taxonomy":"category","embeddable":true,"href":"https:\/\/sindesvdf.com.br\/news\/wp-json\/wp\/v2\/categories?post=4414"},{"taxonomy":"post_tag","embeddable":true,"href":"https:\/\/sindesvdf.com.br\/news\/wp-json\/wp\/v2\/tags?post=4414"}],"curies":[{"name":"wp","href":"https:\/\/api.w.org\/{rel}","templated":true}]}}