{"id":4431,"date":"2015-06-30T11:24:23","date_gmt":"2015-06-30T14:24:23","guid":{"rendered":"http:\/\/sindesvdf.com.br\/news\/?p=4431"},"modified":"2015-06-30T11:24:23","modified_gmt":"2015-06-30T14:24:23","slug":"aposentadoria-especial-dos-vigilantes","status":"publish","type":"post","link":"https:\/\/sindesvdf.com.br\/news\/aposentadoria-especial-dos-vigilantes\/","title":{"rendered":"Aposentadoria Especial dos Vigilantes"},"content":{"rendered":"<p style=\"text-align: center;\"><a href=\"http:\/\/sindesvdf.com.br\/news\/wp-content\/uploads\/2015\/06\/aposentadoria.jpg\"><img loading=\"lazy\" decoding=\"async\" class=\"alignnone size-large wp-image-4432\" src=\"http:\/\/sindesvdf.com.br\/news\/wp-content\/uploads\/2015\/06\/aposentadoria-790x478.jpg\" alt=\"aposentadoria\" width=\"790\" height=\"478\" srcset=\"https:\/\/sindesvdf.com.br\/news\/wp-content\/uploads\/2015\/06\/aposentadoria-790x478.jpg 790w, https:\/\/sindesvdf.com.br\/news\/wp-content\/uploads\/2015\/06\/aposentadoria-300x182.jpg 300w, https:\/\/sindesvdf.com.br\/news\/wp-content\/uploads\/2015\/06\/aposentadoria-80x48.jpg 80w, https:\/\/sindesvdf.com.br\/news\/wp-content\/uploads\/2015\/06\/aposentadoria-150x91.jpg 150w, https:\/\/sindesvdf.com.br\/news\/wp-content\/uploads\/2015\/06\/aposentadoria.jpg 1171w\" sizes=\"auto, (max-width: 790px) 100vw, 790px\" \/><\/a><\/p>\n<p style=\"text-align: left;\">A partir da conquista do Adicional de Risco de Vida, os vigilantes, armados ou n\u00e3o, passaram a ter direito \u00e0\u00a0aposentadoria especial aos 25 anos de servi\u00e7os prestados. Mesmo assim, o INSS continua indeferindo as aposentadorias. Ent\u00e3o\u00a0o\u00a0Sindicato dos Vigilantes do DF (SINDESV-DF) recorre \u00e0 Justi\u00e7a, onde temos sistematicamente, ganhado essa causa em favor do trabalhador de seguran\u00e7a privada.<br \/>\nA Confedera\u00e7\u00e3o Nacional dos Vigilantes (CNTV) e Sindicatos est\u00e3o lutando para que o INSS reconhe\u00e7a definitivamente esse direito conquistado com muita luta.<\/p>\n<p style=\"text-align: right;\"><span style=\"color: #ff0000;\"><em>Fonte: Olho Vivo<\/em><\/span><\/p>\n<p class=\"wpf_wrapper\"><a class=\"print_link\" href=\"\" target=\"_blank\">Preparar para impress\u00e3o<\/a><\/p><!-- .wpf_wrapper -->","protected":false},"excerpt":{"rendered":"<p>A partir da conquista do Adicional de Risco de Vida, os vigilantes, armados ou n\u00e3o, passaram a ter direito \u00e0\u00a0aposentadoria&hellip; <\/p>\n","protected":false},"author":1,"featured_media":0,"comment_status":"closed","ping_status":"closed","sticky":false,"template":"","format":"standard","meta":{"footnotes":""},"categories":[7],"tags":[],"class_list":["post-4431","post","type-post","status-publish","format-standard","hentry","category-noticias"],"jetpack_featured_media_url":"","_links":{"self":[{"href":"https:\/\/sindesvdf.com.br\/news\/wp-json\/wp\/v2\/posts\/4431","targetHints":{"allow":["GET"]}}],"collection":[{"href":"https:\/\/sindesvdf.com.br\/news\/wp-json\/wp\/v2\/posts"}],"about":[{"href":"https:\/\/sindesvdf.com.br\/news\/wp-json\/wp\/v2\/types\/post"}],"author":[{"embeddable":true,"href":"https:\/\/sindesvdf.com.br\/news\/wp-json\/wp\/v2\/users\/1"}],"replies":[{"embeddable":true,"href":"https:\/\/sindesvdf.com.br\/news\/wp-json\/wp\/v2\/comments?post=4431"}],"version-history":[{"count":1,"href":"https:\/\/sindesvdf.com.br\/news\/wp-json\/wp\/v2\/posts\/4431\/revisions"}],"predecessor-version":[{"id":4433,"href":"https:\/\/sindesvdf.com.br\/news\/wp-json\/wp\/v2\/posts\/4431\/revisions\/4433"}],"wp:attachment":[{"href":"https:\/\/sindesvdf.com.br\/news\/wp-json\/wp\/v2\/media?parent=4431"}],"wp:term":[{"taxonomy":"category","embeddable":true,"href":"https:\/\/sindesvdf.com.br\/news\/wp-json\/wp\/v2\/categories?post=4431"},{"taxonomy":"post_tag","embeddable":true,"href":"https:\/\/sindesvdf.com.br\/news\/wp-json\/wp\/v2\/tags?post=4431"}],"curies":[{"name":"wp","href":"https:\/\/api.w.org\/{rel}","templated":true}]}}