{"id":4442,"date":"2015-07-06T14:16:51","date_gmt":"2015-07-06T17:16:51","guid":{"rendered":"http:\/\/sindesvdf.com.br\/news\/?p=4442"},"modified":"2015-07-06T14:16:51","modified_gmt":"2015-07-06T17:16:51","slug":"sindicato-garante-novamente-mudanca-de-postura-no-patio-brasil","status":"publish","type":"post","link":"https:\/\/sindesvdf.com.br\/news\/sindicato-garante-novamente-mudanca-de-postura-no-patio-brasil\/","title":{"rendered":"Sindicato garante, novamente, &#8220;mudan\u00e7a de postura&#8221; no P\u00e1tio Brasil"},"content":{"rendered":"<div>\n<p id=\"yui_3_16_0_1_1435947276729_18170\"><span id=\"yui_3_16_0_1_1435947276729_18169\" class=\"\">O Sindicato dos Vigilante do DF (SINDESV-DF) tinha feito anteriormente um acordo com a administra\u00e7\u00e3o do P\u00e1tio Brasil, via Superintend\u00eancia Regional do Trabalho e Emprego (SRTE), para que os vigilantes que prestam servi\u00e7o no local tivessem acesso a cadeiras para mudan\u00e7a de postura.<\/span><\/p>\n<p id=\"yui_3_16_0_1_1435947276729_18141\"><span id=\"yui_3_16_0_1_1435947276729_18140\" class=\"\">Ocorre que entrou uma nova dire\u00e7\u00e3o no P\u00e1tio Brasil e mandou recolher as cadeiras, obrigando os vigilantes a trabalharem de 3 a 4 horas sem mudan\u00e7a de postura.<\/span><\/p>\n<p><span class=\"\">O Sindicato procurou o novo administrador do referido shopping e ele reconheceu que fez essa mudan\u00e7a, mas que se comprometia em voltar atr\u00e1s e cumprir o acordo feito na SRTE.<\/span><\/p>\n<p><span class=\"\">Os vigilantes far\u00e3o escala de revezamento para que tenham hor\u00e1rios adequados para a mudan\u00e7a de postura.<\/span><\/p>\n<p><span class=\"\">O Sindicato agradece a compreens\u00e3o do novo administrador do shopping pela postura democr\u00e1tica e aberta ao di\u00e1logo.<\/span><\/p>\n<\/div>\n<p>&nbsp;<\/p>\n<p class=\"wpf_wrapper\"><a class=\"print_link\" href=\"\" target=\"_blank\">Preparar para impress\u00e3o<\/a><\/p><!-- .wpf_wrapper -->","protected":false},"excerpt":{"rendered":"<p>O Sindicato dos Vigilante do DF (SINDESV-DF) tinha feito anteriormente um acordo com a administra\u00e7\u00e3o do P\u00e1tio Brasil, via Superintend\u00eancia&hellip; <\/p>\n","protected":false},"author":1,"featured_media":0,"comment_status":"closed","ping_status":"closed","sticky":false,"template":"","format":"standard","meta":{"footnotes":""},"categories":[7],"tags":[],"class_list":["post-4442","post","type-post","status-publish","format-standard","hentry","category-noticias"],"jetpack_featured_media_url":"","_links":{"self":[{"href":"https:\/\/sindesvdf.com.br\/news\/wp-json\/wp\/v2\/posts\/4442","targetHints":{"allow":["GET"]}}],"collection":[{"href":"https:\/\/sindesvdf.com.br\/news\/wp-json\/wp\/v2\/posts"}],"about":[{"href":"https:\/\/sindesvdf.com.br\/news\/wp-json\/wp\/v2\/types\/post"}],"author":[{"embeddable":true,"href":"https:\/\/sindesvdf.com.br\/news\/wp-json\/wp\/v2\/users\/1"}],"replies":[{"embeddable":true,"href":"https:\/\/sindesvdf.com.br\/news\/wp-json\/wp\/v2\/comments?post=4442"}],"version-history":[{"count":1,"href":"https:\/\/sindesvdf.com.br\/news\/wp-json\/wp\/v2\/posts\/4442\/revisions"}],"predecessor-version":[{"id":4443,"href":"https:\/\/sindesvdf.com.br\/news\/wp-json\/wp\/v2\/posts\/4442\/revisions\/4443"}],"wp:attachment":[{"href":"https:\/\/sindesvdf.com.br\/news\/wp-json\/wp\/v2\/media?parent=4442"}],"wp:term":[{"taxonomy":"category","embeddable":true,"href":"https:\/\/sindesvdf.com.br\/news\/wp-json\/wp\/v2\/categories?post=4442"},{"taxonomy":"post_tag","embeddable":true,"href":"https:\/\/sindesvdf.com.br\/news\/wp-json\/wp\/v2\/tags?post=4442"}],"curies":[{"name":"wp","href":"https:\/\/api.w.org\/{rel}","templated":true}]}}