{"id":4454,"date":"2015-07-20T14:41:32","date_gmt":"2015-07-20T17:41:32","guid":{"rendered":"http:\/\/sindesvdf.com.br\/news\/?p=4454"},"modified":"2015-07-20T14:42:27","modified_gmt":"2015-07-20T17:42:27","slug":"vigilantes-da-sitranitamaraty-paralisados-por-falta-de-pagamento-das-ferias-tiquete-e-vale-transporte","status":"publish","type":"post","link":"https:\/\/sindesvdf.com.br\/news\/vigilantes-da-sitranitamaraty-paralisados-por-falta-de-pagamento-das-ferias-tiquete-e-vale-transporte\/","title":{"rendered":"Vigilantes da SITRAN\/ITAMARATY paralisados por falta de pagamento das f\u00e9rias, t\u00edquete e vale transporte"},"content":{"rendered":"<p><a href=\"http:\/\/sindesvdf.com.br\/news\/wp-content\/uploads\/2015\/07\/DSCN7706.jpg\"><img loading=\"lazy\" decoding=\"async\" class=\"  alignleft wp-image-4456\" src=\"http:\/\/sindesvdf.com.br\/news\/wp-content\/uploads\/2015\/07\/DSCN7712-790x508.jpg\" alt=\"DSCN7712\" width=\"540\" height=\"347\" srcset=\"https:\/\/sindesvdf.com.br\/news\/wp-content\/uploads\/2015\/07\/DSCN7712-790x508.jpg 790w, https:\/\/sindesvdf.com.br\/news\/wp-content\/uploads\/2015\/07\/DSCN7712-300x193.jpg 300w, https:\/\/sindesvdf.com.br\/news\/wp-content\/uploads\/2015\/07\/DSCN7712-80x51.jpg 80w, https:\/\/sindesvdf.com.br\/news\/wp-content\/uploads\/2015\/07\/DSCN7712-150x96.jpg 150w, https:\/\/sindesvdf.com.br\/news\/wp-content\/uploads\/2015\/07\/DSCN7712.jpg 1141w\" sizes=\"auto, (max-width: 540px) 100vw, 540px\" \/><\/a>A Empresa Sitran, com o sil\u00eancio constrangedor do Itamaraty, n\u00e3o pagou o vale transporte, as f\u00e9rias e o t\u00edquete alimenta\u00e7\u00e3o dos vigilantes que prestam servi\u00e7o no \u00f3rg\u00e3o.<\/p>\n<p>Ap\u00f3s v\u00e1rias tentativas de negocia\u00e7\u00e3o e sem qualquer resultado, o Sindicato dos Vigilantes do DF chamou a categoria para a luta e convocou a todos e todas para paralisarem as atividades a partir da manh\u00e3 desta segunda\u00a0(20\/07) e s\u00f3 retornar\u00e3o ao servi\u00e7o ap\u00f3s o pagamento de tudo que a Empresa deve aos seus empregados.<\/p>\n<p><img loading=\"lazy\" decoding=\"async\" class=\"  alignleft wp-image-4455\" src=\"http:\/\/sindesvdf.com.br\/news\/wp-content\/uploads\/2015\/07\/DSCN7706-790x540.jpg\" alt=\"DSCN7706\" width=\"540\" height=\"369\" srcset=\"https:\/\/sindesvdf.com.br\/news\/wp-content\/uploads\/2015\/07\/DSCN7706-790x540.jpg 790w, https:\/\/sindesvdf.com.br\/news\/wp-content\/uploads\/2015\/07\/DSCN7706-300x205.jpg 300w, https:\/\/sindesvdf.com.br\/news\/wp-content\/uploads\/2015\/07\/DSCN7706-80x55.jpg 80w, https:\/\/sindesvdf.com.br\/news\/wp-content\/uploads\/2015\/07\/DSCN7706-150x102.jpg 150w, https:\/\/sindesvdf.com.br\/news\/wp-content\/uploads\/2015\/07\/DSCN7706.jpg 1061w\" sizes=\"auto, (max-width: 540px) 100vw, 540px\" \/>O Itamaraty n\u00e3o tomou qualquer provid\u00eancia sobre o assunto e, portanto, a paralisa\u00e7\u00e3o continua at\u00e9 a vit\u00f3ria.<\/p>\n<p>Parab\u00e9ns valorosos vigilantes que atenderam ao chamado do SINDESV-DF e est\u00e3o lutando por seus direitos.<img loading=\"lazy\" decoding=\"async\" class=\"aligncenter wp-image-4457 size-large\" src=\"http:\/\/sindesvdf.com.br\/news\/wp-content\/uploads\/2015\/07\/DSCN7723-790x518.jpg\" alt=\"DSCN7723\" width=\"790\" height=\"518\" srcset=\"https:\/\/sindesvdf.com.br\/news\/wp-content\/uploads\/2015\/07\/DSCN7723-790x518.jpg 790w, https:\/\/sindesvdf.com.br\/news\/wp-content\/uploads\/2015\/07\/DSCN7723-300x197.jpg 300w, https:\/\/sindesvdf.com.br\/news\/wp-content\/uploads\/2015\/07\/DSCN7723-80x52.jpg 80w, https:\/\/sindesvdf.com.br\/news\/wp-content\/uploads\/2015\/07\/DSCN7723-150x98.jpg 150w, https:\/\/sindesvdf.com.br\/news\/wp-content\/uploads\/2015\/07\/DSCN7723.jpg 1078w\" sizes=\"auto, (max-width: 790px) 100vw, 790px\" \/><\/p>\n<p>&nbsp;<\/p>\n<p class=\"wpf_wrapper\"><a class=\"print_link\" href=\"\" target=\"_blank\">Preparar para impress\u00e3o<\/a><\/p><!-- .wpf_wrapper -->","protected":false},"excerpt":{"rendered":"<p>A Empresa Sitran, com o sil\u00eancio constrangedor do Itamaraty, n\u00e3o pagou o vale transporte, as f\u00e9rias e o t\u00edquete alimenta\u00e7\u00e3o&hellip; <\/p>\n","protected":false},"author":1,"featured_media":0,"comment_status":"closed","ping_status":"closed","sticky":false,"template":"","format":"standard","meta":{"footnotes":""},"categories":[7],"tags":[],"class_list":["post-4454","post","type-post","status-publish","format-standard","hentry","category-noticias"],"jetpack_featured_media_url":"","_links":{"self":[{"href":"https:\/\/sindesvdf.com.br\/news\/wp-json\/wp\/v2\/posts\/4454","targetHints":{"allow":["GET"]}}],"collection":[{"href":"https:\/\/sindesvdf.com.br\/news\/wp-json\/wp\/v2\/posts"}],"about":[{"href":"https:\/\/sindesvdf.com.br\/news\/wp-json\/wp\/v2\/types\/post"}],"author":[{"embeddable":true,"href":"https:\/\/sindesvdf.com.br\/news\/wp-json\/wp\/v2\/users\/1"}],"replies":[{"embeddable":true,"href":"https:\/\/sindesvdf.com.br\/news\/wp-json\/wp\/v2\/comments?post=4454"}],"version-history":[{"count":4,"href":"https:\/\/sindesvdf.com.br\/news\/wp-json\/wp\/v2\/posts\/4454\/revisions"}],"predecessor-version":[{"id":4461,"href":"https:\/\/sindesvdf.com.br\/news\/wp-json\/wp\/v2\/posts\/4454\/revisions\/4461"}],"wp:attachment":[{"href":"https:\/\/sindesvdf.com.br\/news\/wp-json\/wp\/v2\/media?parent=4454"}],"wp:term":[{"taxonomy":"category","embeddable":true,"href":"https:\/\/sindesvdf.com.br\/news\/wp-json\/wp\/v2\/categories?post=4454"},{"taxonomy":"post_tag","embeddable":true,"href":"https:\/\/sindesvdf.com.br\/news\/wp-json\/wp\/v2\/tags?post=4454"}],"curies":[{"name":"wp","href":"https:\/\/api.w.org\/{rel}","templated":true}]}}