{"id":4463,"date":"2015-07-28T09:00:53","date_gmt":"2015-07-28T12:00:53","guid":{"rendered":"http:\/\/sindesvdf.com.br\/news\/?p=4463"},"modified":"2015-08-18T16:15:35","modified_gmt":"2015-08-18T19:15:35","slug":"vigilantes-da-sitran-tem-intervalo-intrajornada-garantido-no-df","status":"publish","type":"post","link":"https:\/\/sindesvdf.com.br\/news\/vigilantes-da-sitran-tem-intervalo-intrajornada-garantido-no-df\/","title":{"rendered":"Vigilantes da Sitran t\u00eam intervalo intrajornada garantido no DF"},"content":{"rendered":"<p><a href=\"http:\/\/sindesvdf.com.br\/news\/wp-content\/uploads\/2015\/07\/RELOGIO-HORA-DE-ALMO\u00c7O..jpg\"><img loading=\"lazy\" decoding=\"async\" class=\" size-full wp-image-4464 alignleft\" src=\"http:\/\/sindesvdf.com.br\/news\/wp-content\/uploads\/2015\/07\/RELOGIO-HORA-DE-ALMO\u00c7O..jpg\" alt=\"RELOGIO HORA DE ALMO\u00c7O.\" width=\"320\" height=\"280\" srcset=\"https:\/\/sindesvdf.com.br\/news\/wp-content\/uploads\/2015\/07\/RELOGIO-HORA-DE-ALMO\u00c7O..jpg 320w, https:\/\/sindesvdf.com.br\/news\/wp-content\/uploads\/2015\/07\/RELOGIO-HORA-DE-ALMO\u00c7O.-300x263.jpg 300w, https:\/\/sindesvdf.com.br\/news\/wp-content\/uploads\/2015\/07\/RELOGIO-HORA-DE-ALMO\u00c7O.-80x70.jpg 80w, https:\/\/sindesvdf.com.br\/news\/wp-content\/uploads\/2015\/07\/RELOGIO-HORA-DE-ALMO\u00c7O.-150x131.jpg 150w\" sizes=\"auto, (max-width: 320px) 100vw, 320px\" \/><\/a>O procurador Lu\u00eds Paulo Villafane Gomes Santos, do Minist\u00e9rio P\u00fablico do Trabalho no Distrito Federal (MPT-DF), firmou Acordo Judicial com a Sitran Empresa de Seguran\u00e7a Ltda, obrigando o cumprimento da determina\u00e7\u00e3o legal que prev\u00ea intervalo intrajornada de no m\u00ednimo uma hora, principalmente para os empregados que cumprem o regime de 12&#215;36.<\/p>\n<p>O documento assinado perante o juiz Augusto C\u00e9sar Alves de Souza da 15\u00aa Vara do Trabalho de Bras\u00edlia ainda prev\u00ea multa de R$ 500 por trabalhador encontrado em situa\u00e7\u00e3o irregular. O intuito \u00e9 garantir que o hor\u00e1rio de refei\u00e7\u00e3o seja respeitado e que o vigilante goze de tempo de descanso e de alimenta\u00e7\u00e3o para dar prosseguimento a sua jornada.<\/p>\n<p>A homologa\u00e7\u00e3o ocorre ap\u00f3s o MPT-DF constatar que empregados praticavam a jornada corrida de 12 horas, sem qualquer intervalo. Segundo o procurador Lu\u00eds Paulo Villafane, \u201co MPT apresentou uma s\u00e9rie de cart\u00f5es de pontos e contracheques que provam a aus\u00eancia da concess\u00e3o do intervalo e, por consequ\u00eancia, seu pagamento com o adicional de hora extra\u201d.<\/p>\n<p>Ele ainda lembra que o per\u00edodo de descanso \u00e9 fundamental para seguran\u00e7a e sa\u00fade do trabalhador. A escala de 12 horas ininterruptas de trabalho torna ainda mais grave o il\u00edcito.<\/p>\n<p>A empresa conta hoje com 330 vigilantes.<\/p>\n<p style=\"text-align: right;\"><span style=\"color: #ff0000;\"><em>Fonte: MPT-DF<\/em><\/span><\/p>\n<p class=\"wpf_wrapper\"><a class=\"print_link\" href=\"\" target=\"_blank\">Preparar para impress\u00e3o<\/a><\/p><!-- .wpf_wrapper -->","protected":false},"excerpt":{"rendered":"<p>O procurador Lu\u00eds Paulo Villafane Gomes Santos, do Minist\u00e9rio P\u00fablico do Trabalho no Distrito Federal (MPT-DF), firmou Acordo Judicial com&hellip; <\/p>\n","protected":false},"author":1,"featured_media":0,"comment_status":"closed","ping_status":"closed","sticky":false,"template":"","format":"standard","meta":{"footnotes":""},"categories":[7],"tags":[],"class_list":["post-4463","post","type-post","status-publish","format-standard","hentry","category-noticias"],"jetpack_featured_media_url":"","_links":{"self":[{"href":"https:\/\/sindesvdf.com.br\/news\/wp-json\/wp\/v2\/posts\/4463","targetHints":{"allow":["GET"]}}],"collection":[{"href":"https:\/\/sindesvdf.com.br\/news\/wp-json\/wp\/v2\/posts"}],"about":[{"href":"https:\/\/sindesvdf.com.br\/news\/wp-json\/wp\/v2\/types\/post"}],"author":[{"embeddable":true,"href":"https:\/\/sindesvdf.com.br\/news\/wp-json\/wp\/v2\/users\/1"}],"replies":[{"embeddable":true,"href":"https:\/\/sindesvdf.com.br\/news\/wp-json\/wp\/v2\/comments?post=4463"}],"version-history":[{"count":1,"href":"https:\/\/sindesvdf.com.br\/news\/wp-json\/wp\/v2\/posts\/4463\/revisions"}],"predecessor-version":[{"id":4465,"href":"https:\/\/sindesvdf.com.br\/news\/wp-json\/wp\/v2\/posts\/4463\/revisions\/4465"}],"wp:attachment":[{"href":"https:\/\/sindesvdf.com.br\/news\/wp-json\/wp\/v2\/media?parent=4463"}],"wp:term":[{"taxonomy":"category","embeddable":true,"href":"https:\/\/sindesvdf.com.br\/news\/wp-json\/wp\/v2\/categories?post=4463"},{"taxonomy":"post_tag","embeddable":true,"href":"https:\/\/sindesvdf.com.br\/news\/wp-json\/wp\/v2\/tags?post=4463"}],"curies":[{"name":"wp","href":"https:\/\/api.w.org\/{rel}","templated":true}]}}