{"id":4492,"date":"2015-08-18T15:57:10","date_gmt":"2015-08-18T18:57:10","guid":{"rendered":"http:\/\/sindesvdf.com.br\/news\/?p=4492"},"modified":"2015-08-20T09:56:55","modified_gmt":"2015-08-20T12:56:55","slug":"presidente-da-cntv-jose-boaventura-fala-sobre-a-chantagem-dos-patroes-com-a-jornada-12x36","status":"publish","type":"post","link":"https:\/\/sindesvdf.com.br\/news\/presidente-da-cntv-jose-boaventura-fala-sobre-a-chantagem-dos-patroes-com-a-jornada-12x36\/","title":{"rendered":"Presidente da CNTV, Jos\u00e9 Boaventura, fala sobre a chantagem dos patr\u00f5es com a jornada 12&#215;36"},"content":{"rendered":"<p>A Fenavist vem anunciando o fim da jornada 12&#215;36 com a inten\u00e7\u00e3o de chantagear os vigilantes e encurralar a mobiliza\u00e7\u00e3o que vem tomando conta da categoria em todo o pa\u00eds.<\/p>\n<p>Veja no v\u00eddeo abaixo o que o presidente da Confedera\u00e7\u00e3o Nacional dos Vigilantes (CNTV), Jos\u00e9 Boaventura Santos, fala sobre essa chantagem.<\/p>\n<div style=\"width: 426px;\" class=\"wp-video\"><video class=\"wp-video-shortcode\" id=\"video-4492-1\" width=\"426\" height=\"320\" preload=\"metadata\" controls=\"controls\"><source type=\"video\/mp4\" src=\"http:\/\/sindesvdf.com.br\/news\/wp-content\/uploads\/2015\/08\/JB-12x36.mp4?_=1\" \/><a href=\"http:\/\/sindesvdf.com.br\/news\/wp-content\/uploads\/2015\/08\/JB-12x36.mp4\">http:\/\/sindesvdf.com.br\/news\/wp-content\/uploads\/2015\/08\/JB-12x36.mp4<\/a><\/video><\/div>\n<p class=\"wpf_wrapper\"><a class=\"print_link\" href=\"\" target=\"_blank\">Preparar para impress\u00e3o<\/a><\/p><!-- .wpf_wrapper -->","protected":false},"excerpt":{"rendered":"<p>A Fenavist vem anunciando o fim da jornada 12&#215;36 com a inten\u00e7\u00e3o de chantagear os vigilantes e encurralar a mobiliza\u00e7\u00e3o&hellip; <\/p>\n","protected":false},"author":1,"featured_media":0,"comment_status":"closed","ping_status":"closed","sticky":false,"template":"","format":"standard","meta":{"footnotes":""},"categories":[7],"tags":[],"class_list":["post-4492","post","type-post","status-publish","format-standard","hentry","category-noticias"],"jetpack_featured_media_url":"","_links":{"self":[{"href":"https:\/\/sindesvdf.com.br\/news\/wp-json\/wp\/v2\/posts\/4492","targetHints":{"allow":["GET"]}}],"collection":[{"href":"https:\/\/sindesvdf.com.br\/news\/wp-json\/wp\/v2\/posts"}],"about":[{"href":"https:\/\/sindesvdf.com.br\/news\/wp-json\/wp\/v2\/types\/post"}],"author":[{"embeddable":true,"href":"https:\/\/sindesvdf.com.br\/news\/wp-json\/wp\/v2\/users\/1"}],"replies":[{"embeddable":true,"href":"https:\/\/sindesvdf.com.br\/news\/wp-json\/wp\/v2\/comments?post=4492"}],"version-history":[{"count":4,"href":"https:\/\/sindesvdf.com.br\/news\/wp-json\/wp\/v2\/posts\/4492\/revisions"}],"predecessor-version":[{"id":4524,"href":"https:\/\/sindesvdf.com.br\/news\/wp-json\/wp\/v2\/posts\/4492\/revisions\/4524"}],"wp:attachment":[{"href":"https:\/\/sindesvdf.com.br\/news\/wp-json\/wp\/v2\/media?parent=4492"}],"wp:term":[{"taxonomy":"category","embeddable":true,"href":"https:\/\/sindesvdf.com.br\/news\/wp-json\/wp\/v2\/categories?post=4492"},{"taxonomy":"post_tag","embeddable":true,"href":"https:\/\/sindesvdf.com.br\/news\/wp-json\/wp\/v2\/tags?post=4492"}],"curies":[{"name":"wp","href":"https:\/\/api.w.org\/{rel}","templated":true}]}}