{"id":4503,"date":"2015-08-18T17:34:16","date_gmt":"2015-08-18T20:34:16","guid":{"rendered":"http:\/\/sindesvdf.com.br\/news\/?p=4503"},"modified":"2015-08-18T17:34:42","modified_gmt":"2015-08-18T20:34:42","slug":"novas-lutas","status":"publish","type":"post","link":"https:\/\/sindesvdf.com.br\/news\/novas-lutas\/","title":{"rendered":"Novas Lutas!"},"content":{"rendered":"<p>Quero dialogar com meus companheiros vigilantes sobre as lutas que estamos travando e que iremos travar no pr\u00f3ximo per\u00edodo. Nessa semana, estive no Ama<span class=\"text_exposed_show\">zonas fortalecendo as lutas dos companheiros daquela regi\u00e3o.<\/span><\/p>\n<div class=\"text_exposed_show\">\n<p>E refor\u00e7o:<em> \u201cAonde mexerem com um vigilante, ali n\u00f3s estaremos ajudando para que os direitos n\u00e3o sejam retirados\u201d.<\/em><\/p>\n<p>Pe\u00e7o ainda, o apoio dos vigilantes de todo Pa\u00eds na luta dos companheiros do Amazonas, que tem a lideran\u00e7a do lutador Valderli Bernardo.<\/p>\n<div style=\"width: 426px;\" class=\"wp-video\"><video class=\"wp-video-shortcode\" id=\"video-4503-1\" width=\"426\" height=\"240\" preload=\"metadata\" controls=\"controls\"><source type=\"video\/mp4\" src=\"http:\/\/sindesvdf.com.br\/news\/wp-content\/uploads\/2014\/04\/Fala-Chico-2.mp4?_=1\" \/><a href=\"http:\/\/sindesvdf.com.br\/news\/wp-content\/uploads\/2014\/04\/Fala-Chico-2.mp4\">http:\/\/sindesvdf.com.br\/news\/wp-content\/uploads\/2014\/04\/Fala-Chico-2.mp4<\/a><\/video><\/div>\n<\/div>\n<p class=\"wpf_wrapper\"><a class=\"print_link\" href=\"\" target=\"_blank\">Preparar para impress\u00e3o<\/a><\/p><!-- .wpf_wrapper -->","protected":false},"excerpt":{"rendered":"<p>Quero dialogar com meus companheiros vigilantes sobre as lutas que estamos travando e que iremos travar no pr\u00f3ximo per\u00edodo. Nessa&hellip; <\/p>\n","protected":false},"author":1,"featured_media":0,"comment_status":"closed","ping_status":"closed","sticky":false,"template":"","format":"standard","meta":{"footnotes":""},"categories":[7],"tags":[],"class_list":["post-4503","post","type-post","status-publish","format-standard","hentry","category-noticias"],"jetpack_featured_media_url":"","_links":{"self":[{"href":"https:\/\/sindesvdf.com.br\/news\/wp-json\/wp\/v2\/posts\/4503","targetHints":{"allow":["GET"]}}],"collection":[{"href":"https:\/\/sindesvdf.com.br\/news\/wp-json\/wp\/v2\/posts"}],"about":[{"href":"https:\/\/sindesvdf.com.br\/news\/wp-json\/wp\/v2\/types\/post"}],"author":[{"embeddable":true,"href":"https:\/\/sindesvdf.com.br\/news\/wp-json\/wp\/v2\/users\/1"}],"replies":[{"embeddable":true,"href":"https:\/\/sindesvdf.com.br\/news\/wp-json\/wp\/v2\/comments?post=4503"}],"version-history":[{"count":2,"href":"https:\/\/sindesvdf.com.br\/news\/wp-json\/wp\/v2\/posts\/4503\/revisions"}],"predecessor-version":[{"id":4505,"href":"https:\/\/sindesvdf.com.br\/news\/wp-json\/wp\/v2\/posts\/4503\/revisions\/4505"}],"wp:attachment":[{"href":"https:\/\/sindesvdf.com.br\/news\/wp-json\/wp\/v2\/media?parent=4503"}],"wp:term":[{"taxonomy":"category","embeddable":true,"href":"https:\/\/sindesvdf.com.br\/news\/wp-json\/wp\/v2\/categories?post=4503"},{"taxonomy":"post_tag","embeddable":true,"href":"https:\/\/sindesvdf.com.br\/news\/wp-json\/wp\/v2\/tags?post=4503"}],"curies":[{"name":"wp","href":"https:\/\/api.w.org\/{rel}","templated":true}]}}