{"id":4506,"date":"2015-08-18T17:36:18","date_gmt":"2015-08-18T20:36:18","guid":{"rendered":"http:\/\/sindesvdf.com.br\/news\/?p=4506"},"modified":"2015-08-18T17:36:24","modified_gmt":"2015-08-18T20:36:24","slug":"chantagem-patronal-deixa-chico-furioso","status":"publish","type":"post","link":"https:\/\/sindesvdf.com.br\/news\/chantagem-patronal-deixa-chico-furioso\/","title":{"rendered":"Chantagem patronal deixa Chico furioso"},"content":{"rendered":"<p>Os patr\u00f5es atrav\u00e9s da Federa\u00e7\u00e3o Naci<span class=\"text_exposed_show\">onal das Empresas de Seguran\u00e7a e Transporte de Valores (Fenavist), querem retirar um direito muito importante, e legal, que \u00e1 jornada de 12h por 36h.<\/span><\/p>\n<div class=\"text_exposed_show\">\n<p>Ao que parece, os empres\u00e1rios n\u00e3o querem cumprir o TST determinou: Que tem que pagar horas extras nos feriados, que tem que ter o hor\u00e1rio de almo\u00e7o.<\/p>\n<p>Para Chico Vigilante, esta medida \u00e9 uma forma de fazer chantagem para n\u00e3o cumprir a lei.<\/p>\n<p>Indignado com a portaria da Fenavist, Chico Vigilante disparou:<\/p>\n<p><em>\u201cN\u00e3o n\u00e3o vamos aceitar isso. De norte a sul, de leste a oeste, do Oiapoque ao Chu\u00ed, os vigilantes brasileiros ir\u00e3o paralisar para dar uma resposta essa agress\u00e3o<\/em>\u201c, finalizou o deputado.<\/p>\n<p>Assista ao v\u00eddeo completo:<\/p>\n<div style=\"width: 426px;\" class=\"wp-video\"><video class=\"wp-video-shortcode\" id=\"video-4506-1\" width=\"426\" height=\"240\" preload=\"metadata\" controls=\"controls\"><source type=\"video\/mp4\" src=\"http:\/\/sindesvdf.com.br\/news\/wp-content\/uploads\/2014\/04\/Fala-Chico-3.mp4?_=1\" \/><a href=\"http:\/\/sindesvdf.com.br\/news\/wp-content\/uploads\/2014\/04\/Fala-Chico-3.mp4\">http:\/\/sindesvdf.com.br\/news\/wp-content\/uploads\/2014\/04\/Fala-Chico-3.mp4<\/a><\/video><\/div>\n<\/div>\n<p class=\"wpf_wrapper\"><a class=\"print_link\" href=\"\" target=\"_blank\">Preparar para impress\u00e3o<\/a><\/p><!-- .wpf_wrapper -->","protected":false},"excerpt":{"rendered":"<p>Os patr\u00f5es atrav\u00e9s da Federa\u00e7\u00e3o Nacional das Empresas de Seguran\u00e7a e Transporte de Valores (Fenavist), querem retirar um direito muito&hellip; <\/p>\n","protected":false},"author":1,"featured_media":0,"comment_status":"closed","ping_status":"closed","sticky":false,"template":"","format":"standard","meta":{"footnotes":""},"categories":[7],"tags":[],"class_list":["post-4506","post","type-post","status-publish","format-standard","hentry","category-noticias"],"jetpack_featured_media_url":"","_links":{"self":[{"href":"https:\/\/sindesvdf.com.br\/news\/wp-json\/wp\/v2\/posts\/4506","targetHints":{"allow":["GET"]}}],"collection":[{"href":"https:\/\/sindesvdf.com.br\/news\/wp-json\/wp\/v2\/posts"}],"about":[{"href":"https:\/\/sindesvdf.com.br\/news\/wp-json\/wp\/v2\/types\/post"}],"author":[{"embeddable":true,"href":"https:\/\/sindesvdf.com.br\/news\/wp-json\/wp\/v2\/users\/1"}],"replies":[{"embeddable":true,"href":"https:\/\/sindesvdf.com.br\/news\/wp-json\/wp\/v2\/comments?post=4506"}],"version-history":[{"count":1,"href":"https:\/\/sindesvdf.com.br\/news\/wp-json\/wp\/v2\/posts\/4506\/revisions"}],"predecessor-version":[{"id":4507,"href":"https:\/\/sindesvdf.com.br\/news\/wp-json\/wp\/v2\/posts\/4506\/revisions\/4507"}],"wp:attachment":[{"href":"https:\/\/sindesvdf.com.br\/news\/wp-json\/wp\/v2\/media?parent=4506"}],"wp:term":[{"taxonomy":"category","embeddable":true,"href":"https:\/\/sindesvdf.com.br\/news\/wp-json\/wp\/v2\/categories?post=4506"},{"taxonomy":"post_tag","embeddable":true,"href":"https:\/\/sindesvdf.com.br\/news\/wp-json\/wp\/v2\/tags?post=4506"}],"curies":[{"name":"wp","href":"https:\/\/api.w.org\/{rel}","templated":true}]}}