{"id":4633,"date":"2015-10-08T18:32:56","date_gmt":"2015-10-08T21:32:56","guid":{"rendered":"http:\/\/sindesvdf.com.br\/news\/?p=4633"},"modified":"2015-10-09T17:50:04","modified_gmt":"2015-10-09T20:50:04","slug":"sindicato-e-chico-vigilante-negociam-com-governador-para-nao-haver-reducao-de-vigilantes-nas-secretarias-de-saude-e-de-educacao","status":"publish","type":"post","link":"https:\/\/sindesvdf.com.br\/news\/sindicato-e-chico-vigilante-negociam-com-governador-para-nao-haver-reducao-de-vigilantes-nas-secretarias-de-saude-e-de-educacao\/","title":{"rendered":"Sindicato e Chico Vigilante negociam com governador para n\u00e3o haver redu\u00e7\u00e3o de vigilantes nas secretarias de Sa\u00fade e de Educa\u00e7\u00e3o."},"content":{"rendered":"<p>O governador Rodrigo Rollemberg anunciou que, para economizar, pretende reduzir os postos de vigil\u00e2ncia nas secretarias de Sa\u00fade e de Educa\u00e7\u00e3o, locais que est\u00e3o entre os mais vulner\u00e1veis \u00e0 a\u00e7\u00e3o da bandidagem. \u00c9 fato que os m\u00e9dicos se recusam a trabalhar sem vigilantes em postos de sa\u00fade, upas e hospitais, tamanhas as amea\u00e7as a que est\u00e3o expostos.<br \/>\nDiante disso, e sempre na luta para preservar o emprego de pais e m\u00e3es de fam\u00edlia, o presidente do Sindicato dos Vigilantes, Jervalino Bispo e o deputado Chico Vigilante estiveram nesta quinta, 08\/10, com o governador para mostrar a import\u00e2ncia dos vigilantes para o bom funcionamento das unidades das referidas secretarias e que tal medida pode acarretar grandes transtornos para os usu\u00e1rios e tamb\u00e9m funcion\u00e1rios desses locais.<br \/>\nAmanh\u00e3, 09\/10, a conversa com o governador ser\u00e1 retomada e esperamos, com f\u00e9 em Deus, que o governador mantenha os postos de vigil\u00e2ncia nessas secretarias.<\/p>\n<p class=\"wpf_wrapper\"><a class=\"print_link\" href=\"\" target=\"_blank\">Preparar para impress\u00e3o<\/a><\/p><!-- .wpf_wrapper -->","protected":false},"excerpt":{"rendered":"<p>O governador Rodrigo Rollemberg anunciou que, para economizar, pretende reduzir os postos de vigil\u00e2ncia nas secretarias de Sa\u00fade e de&hellip; <\/p>\n","protected":false},"author":1,"featured_media":0,"comment_status":"closed","ping_status":"closed","sticky":false,"template":"","format":"standard","meta":{"footnotes":""},"categories":[7],"tags":[],"class_list":["post-4633","post","type-post","status-publish","format-standard","hentry","category-noticias"],"jetpack_featured_media_url":"","_links":{"self":[{"href":"https:\/\/sindesvdf.com.br\/news\/wp-json\/wp\/v2\/posts\/4633","targetHints":{"allow":["GET"]}}],"collection":[{"href":"https:\/\/sindesvdf.com.br\/news\/wp-json\/wp\/v2\/posts"}],"about":[{"href":"https:\/\/sindesvdf.com.br\/news\/wp-json\/wp\/v2\/types\/post"}],"author":[{"embeddable":true,"href":"https:\/\/sindesvdf.com.br\/news\/wp-json\/wp\/v2\/users\/1"}],"replies":[{"embeddable":true,"href":"https:\/\/sindesvdf.com.br\/news\/wp-json\/wp\/v2\/comments?post=4633"}],"version-history":[{"count":2,"href":"https:\/\/sindesvdf.com.br\/news\/wp-json\/wp\/v2\/posts\/4633\/revisions"}],"predecessor-version":[{"id":4638,"href":"https:\/\/sindesvdf.com.br\/news\/wp-json\/wp\/v2\/posts\/4633\/revisions\/4638"}],"wp:attachment":[{"href":"https:\/\/sindesvdf.com.br\/news\/wp-json\/wp\/v2\/media?parent=4633"}],"wp:term":[{"taxonomy":"category","embeddable":true,"href":"https:\/\/sindesvdf.com.br\/news\/wp-json\/wp\/v2\/categories?post=4633"},{"taxonomy":"post_tag","embeddable":true,"href":"https:\/\/sindesvdf.com.br\/news\/wp-json\/wp\/v2\/tags?post=4633"}],"curies":[{"name":"wp","href":"https:\/\/api.w.org\/{rel}","templated":true}]}}