{"id":4635,"date":"2015-10-09T15:30:57","date_gmt":"2015-10-09T18:30:57","guid":{"rendered":"http:\/\/sindesvdf.com.br\/news\/?p=4635"},"modified":"2015-10-09T17:51:51","modified_gmt":"2015-10-09T20:51:51","slug":"continuam-negociacoes-para-reverter-intencao-do-gdf-de-cortar-vigilantes-nas-secretarias-de-saude-e-de-educacao","status":"publish","type":"post","link":"https:\/\/sindesvdf.com.br\/news\/continuam-negociacoes-para-reverter-intencao-do-gdf-de-cortar-vigilantes-nas-secretarias-de-saude-e-de-educacao\/","title":{"rendered":"Continuam negocia\u00e7\u00f5es para reverter inten\u00e7\u00e3o do GDF de cortar vigilantes nas secretarias de Sa\u00fade e de Educa\u00e7\u00e3o"},"content":{"rendered":"<p>Nesta sexta-feira, 09\/10, o presidente do Sindicato dos Vigilantes do DF e o deputado Chico Vigilante estiveram em mais uma reuni\u00e3o com o governador Rollemberg para tratar da inten\u00e7\u00e3o do GDF de cortar 25% do efetivo de vigilantes nas secretarias de Sa\u00fade e Educa\u00e7\u00e3o. Jervalino e Chico Vigilante t\u00eam colocado para o governador os riscos que tal medida pode acarretar, pois pode comprometer a integridade f\u00edsica de alunos, funcion\u00e1rios de escolas, pacientes e funcion\u00e1rios de hospitais, upas e postos de sa\u00fade, al\u00e9m do risco patrimonial.<br \/>\nO governador passou o problema para ser discutido com os secret\u00e1rios das respectivas pastas (Sa\u00fade e Educa\u00e7\u00e3o) e estes insistem nos cortes do efetivo de vigilantes. O Sindicato e o deputado Chico Vigilante continuar\u00e3o lutando para evitar a redu\u00e7\u00e3o do quadro de vigilantes, em defesa do emprego e da import\u00e2ncia da atividade de seguran\u00e7a privada.<br \/>\nAssim que tivermos mais informa\u00e7\u00f5es em novas negocia\u00e7\u00f5es, repassaremos para a categoria.<\/p>\n<p class=\"wpf_wrapper\"><a class=\"print_link\" href=\"\" target=\"_blank\">Preparar para impress\u00e3o<\/a><\/p><!-- .wpf_wrapper -->","protected":false},"excerpt":{"rendered":"<p>Nesta sexta-feira, 09\/10, o presidente do Sindicato dos Vigilantes do DF e o deputado Chico Vigilante estiveram em mais uma&hellip; <\/p>\n","protected":false},"author":1,"featured_media":0,"comment_status":"closed","ping_status":"closed","sticky":false,"template":"","format":"standard","meta":{"footnotes":""},"categories":[7],"tags":[],"class_list":["post-4635","post","type-post","status-publish","format-standard","hentry","category-noticias"],"jetpack_featured_media_url":"","_links":{"self":[{"href":"https:\/\/sindesvdf.com.br\/news\/wp-json\/wp\/v2\/posts\/4635","targetHints":{"allow":["GET"]}}],"collection":[{"href":"https:\/\/sindesvdf.com.br\/news\/wp-json\/wp\/v2\/posts"}],"about":[{"href":"https:\/\/sindesvdf.com.br\/news\/wp-json\/wp\/v2\/types\/post"}],"author":[{"embeddable":true,"href":"https:\/\/sindesvdf.com.br\/news\/wp-json\/wp\/v2\/users\/1"}],"replies":[{"embeddable":true,"href":"https:\/\/sindesvdf.com.br\/news\/wp-json\/wp\/v2\/comments?post=4635"}],"version-history":[{"count":3,"href":"https:\/\/sindesvdf.com.br\/news\/wp-json\/wp\/v2\/posts\/4635\/revisions"}],"predecessor-version":[{"id":4639,"href":"https:\/\/sindesvdf.com.br\/news\/wp-json\/wp\/v2\/posts\/4635\/revisions\/4639"}],"wp:attachment":[{"href":"https:\/\/sindesvdf.com.br\/news\/wp-json\/wp\/v2\/media?parent=4635"}],"wp:term":[{"taxonomy":"category","embeddable":true,"href":"https:\/\/sindesvdf.com.br\/news\/wp-json\/wp\/v2\/categories?post=4635"},{"taxonomy":"post_tag","embeddable":true,"href":"https:\/\/sindesvdf.com.br\/news\/wp-json\/wp\/v2\/tags?post=4635"}],"curies":[{"name":"wp","href":"https:\/\/api.w.org\/{rel}","templated":true}]}}