{"id":4662,"date":"2015-10-20T09:12:11","date_gmt":"2015-10-20T11:12:11","guid":{"rendered":"http:\/\/sindesvdf.com.br\/news\/?p=4662"},"modified":"2015-10-20T12:04:09","modified_gmt":"2015-10-20T14:04:09","slug":"atencao-vigiantes-que-prestam-servico-na-secretaria-de-saude","status":"publish","type":"post","link":"https:\/\/sindesvdf.com.br\/news\/atencao-vigiantes-que-prestam-servico-na-secretaria-de-saude\/","title":{"rendered":"Aten\u00e7\u00e3o Vigilantes que prestam servi\u00e7o na Secretaria de Sa\u00fade"},"content":{"rendered":"<h3 style=\"text-align: center;\"><strong>O Sindicato dos Vigilantes convoca a todos e todas que j\u00e1 est\u00e3o com aviso pr\u00e9vio na m\u00e3o para uma reuni\u00e3o dia 23\/10 \u2013 sexta-feira \u2013 \u00e0s 9h na sede do SINDESV-DF<\/strong><\/h3>\n<p>Sindicato dos Vigilantes do DF informa aos companheiros e companheiras que prestam servi\u00e7o na Secretaria de Sa\u00fade que o deputado Chico Vigilante, juntamente com esta Entidade, est\u00e3o em permanente negocia\u00e7\u00e3o com o governador Rollemberg e Secret\u00e1rios para reverter o processo de redu\u00e7\u00e3o dos postos de trabalho.<\/p>\n<p>J\u00e1 mostramos que essa redu\u00e7\u00e3o trar\u00e1 graves consequ\u00eancias para usu\u00e1rios e servidores de hospitais, upas e postos de sa\u00fade. O deputado Chico Vigilante em conversa com o governador, no dia 16\/10, conseguiu a suspens\u00e3o das redu\u00e7\u00f5es por trinta dias mas, juntamente com o Sindicato dos Vigilantes, continuar\u00e1 negociando com o GDF, para que essa amea\u00e7a seja eliminada de vez.<\/p>\n<p>Portanto, a convoca\u00e7\u00e3o de ato para o dia 20\/10 n\u00e3o merece qualquer cr\u00e9dito. S\u00e3o pessoas sem qualquer afinidade com a categoria, que est\u00e3o tentando tirar proveito pol\u00edtico em cima dessa situa\u00e7\u00e3o.<\/p>\n<p>Caso o governador insista nas redu\u00e7\u00f5es, quem chamar\u00e1 para ato ou at\u00e9 mesmo paralisa\u00e7\u00e3o, \u00e9 o Sindicato dos Vigilantes e faremos isso no momento certo, depois de esgotadas todas as negocia\u00e7\u00f5es com o Governo. Esse ato, convocado por pessoas interessadas apenas em criar fatos pol\u00edticos, pode at\u00e9 atrapalhar as nossas negocia\u00e7\u00f5es. N\u00e3o participem e repudiem tais atitudes.<\/p>\n<h2 style=\"text-align: center;\">[well type=&#8221;well-lg&#8221;]<br class=\"osc\" \/><strong>SINDICATO DOS VIGILANTES DO DF<br \/>\n<\/strong><em>Sempre Vigilante em defesa da categoria<\/em><br class=\"osc\" \/>[\/well]<\/h2>\n<p>&nbsp;<\/p>\n<p class=\"wpf_wrapper\"><a class=\"print_link\" href=\"\" target=\"_blank\">Preparar para impress\u00e3o<\/a><\/p><!-- .wpf_wrapper -->","protected":false},"excerpt":{"rendered":"<p>O Sindicato dos Vigilantes convoca a todos e todas que j\u00e1 est\u00e3o com aviso pr\u00e9vio na m\u00e3o para uma reuni\u00e3o&hellip; <\/p>\n","protected":false},"author":1,"featured_media":0,"comment_status":"closed","ping_status":"closed","sticky":false,"template":"","format":"standard","meta":{"footnotes":""},"categories":[7],"tags":[],"class_list":["post-4662","post","type-post","status-publish","format-standard","hentry","category-noticias"],"jetpack_featured_media_url":"","_links":{"self":[{"href":"https:\/\/sindesvdf.com.br\/news\/wp-json\/wp\/v2\/posts\/4662","targetHints":{"allow":["GET"]}}],"collection":[{"href":"https:\/\/sindesvdf.com.br\/news\/wp-json\/wp\/v2\/posts"}],"about":[{"href":"https:\/\/sindesvdf.com.br\/news\/wp-json\/wp\/v2\/types\/post"}],"author":[{"embeddable":true,"href":"https:\/\/sindesvdf.com.br\/news\/wp-json\/wp\/v2\/users\/1"}],"replies":[{"embeddable":true,"href":"https:\/\/sindesvdf.com.br\/news\/wp-json\/wp\/v2\/comments?post=4662"}],"version-history":[{"count":5,"href":"https:\/\/sindesvdf.com.br\/news\/wp-json\/wp\/v2\/posts\/4662\/revisions"}],"predecessor-version":[{"id":4672,"href":"https:\/\/sindesvdf.com.br\/news\/wp-json\/wp\/v2\/posts\/4662\/revisions\/4672"}],"wp:attachment":[{"href":"https:\/\/sindesvdf.com.br\/news\/wp-json\/wp\/v2\/media?parent=4662"}],"wp:term":[{"taxonomy":"category","embeddable":true,"href":"https:\/\/sindesvdf.com.br\/news\/wp-json\/wp\/v2\/categories?post=4662"},{"taxonomy":"post_tag","embeddable":true,"href":"https:\/\/sindesvdf.com.br\/news\/wp-json\/wp\/v2\/tags?post=4662"}],"curies":[{"name":"wp","href":"https:\/\/api.w.org\/{rel}","templated":true}]}}