{"id":4667,"date":"2015-10-20T10:25:47","date_gmt":"2015-10-20T12:25:47","guid":{"rendered":"http:\/\/sindesvdf.com.br\/news\/?p=4667"},"modified":"2015-10-20T10:25:47","modified_gmt":"2015-10-20T12:25:47","slug":"fala-chico-sobre-o-corte-de-vigilantes-nos-setores-de-saude-e-educacao","status":"publish","type":"post","link":"https:\/\/sindesvdf.com.br\/news\/fala-chico-sobre-o-corte-de-vigilantes-nos-setores-de-saude-e-educacao\/","title":{"rendered":"Fala Chico sobre o corte de Vigilantes nos setores de Sa\u00fade e Educa\u00e7\u00e3o"},"content":{"rendered":"<p>BOM DIA, AMIGAS E AMIGOS!!!<\/p>\n<p>Neste v\u00eddeo mostro o que o governador Rodrigo Rollemberg (PSB) falou antes das elei\u00e7\u00f5es de 2014 e, tamb\u00e9m, falo sobre o que ele est\u00e1 fazendo agora.<\/p>\n<p>As escolas que j\u00e1 sofrem com a falta de seguran\u00e7a podem ter a situa\u00e7\u00e3o piorada porque o GDF pretende cortar em 25% o n\u00famero de vigilantes nas unidades de ensino.<\/p>\n<div class=\"text_exposed_show\">\n<p>N\u00f3s estamos atentos a mais esta maldade promovida pelo governador. Se preciso for, a categoria far\u00e1 uma grandiosa GREVE.<\/p>\n<p>Assista ao v\u00eddeo completo:<\/p>\n<div style=\"width: 400px;\" class=\"wp-video\"><video class=\"wp-video-shortcode\" id=\"video-4667-1\" width=\"400\" height=\"224\" preload=\"metadata\" controls=\"controls\"><source type=\"video\/mp4\" src=\"http:\/\/sindesvdf.com.br\/news\/wp-content\/uploads\/2015\/10\/Fala-Chico_8.mp4?_=1\" \/><a href=\"http:\/\/sindesvdf.com.br\/news\/wp-content\/uploads\/2015\/10\/Fala-Chico_8.mp4\">http:\/\/sindesvdf.com.br\/news\/wp-content\/uploads\/2015\/10\/Fala-Chico_8.mp4<\/a><\/video><\/div>\n<\/div>\n<p class=\"wpf_wrapper\"><a class=\"print_link\" href=\"\" target=\"_blank\">Preparar para impress\u00e3o<\/a><\/p><!-- .wpf_wrapper -->","protected":false},"excerpt":{"rendered":"<p>BOM DIA, AMIGAS E AMIGOS!!! Neste v\u00eddeo mostro o que o governador Rodrigo Rollemberg (PSB) falou antes das elei\u00e7\u00f5es de&hellip; <\/p>\n","protected":false},"author":1,"featured_media":0,"comment_status":"closed","ping_status":"closed","sticky":false,"template":"","format":"standard","meta":{"footnotes":""},"categories":[7],"tags":[],"class_list":["post-4667","post","type-post","status-publish","format-standard","hentry","category-noticias"],"jetpack_featured_media_url":"","_links":{"self":[{"href":"https:\/\/sindesvdf.com.br\/news\/wp-json\/wp\/v2\/posts\/4667","targetHints":{"allow":["GET"]}}],"collection":[{"href":"https:\/\/sindesvdf.com.br\/news\/wp-json\/wp\/v2\/posts"}],"about":[{"href":"https:\/\/sindesvdf.com.br\/news\/wp-json\/wp\/v2\/types\/post"}],"author":[{"embeddable":true,"href":"https:\/\/sindesvdf.com.br\/news\/wp-json\/wp\/v2\/users\/1"}],"replies":[{"embeddable":true,"href":"https:\/\/sindesvdf.com.br\/news\/wp-json\/wp\/v2\/comments?post=4667"}],"version-history":[{"count":1,"href":"https:\/\/sindesvdf.com.br\/news\/wp-json\/wp\/v2\/posts\/4667\/revisions"}],"predecessor-version":[{"id":4669,"href":"https:\/\/sindesvdf.com.br\/news\/wp-json\/wp\/v2\/posts\/4667\/revisions\/4669"}],"wp:attachment":[{"href":"https:\/\/sindesvdf.com.br\/news\/wp-json\/wp\/v2\/media?parent=4667"}],"wp:term":[{"taxonomy":"category","embeddable":true,"href":"https:\/\/sindesvdf.com.br\/news\/wp-json\/wp\/v2\/categories?post=4667"},{"taxonomy":"post_tag","embeddable":true,"href":"https:\/\/sindesvdf.com.br\/news\/wp-json\/wp\/v2\/tags?post=4667"}],"curies":[{"name":"wp","href":"https:\/\/api.w.org\/{rel}","templated":true}]}}