{"id":4760,"date":"2015-10-29T09:14:38","date_gmt":"2015-10-29T11:14:38","guid":{"rendered":"http:\/\/sindesvdf.com.br\/news\/?p=4760"},"modified":"2015-10-30T14:52:26","modified_gmt":"2015-10-30T16:52:26","slug":"area-de-lazer","status":"publish","type":"post","link":"https:\/\/sindesvdf.com.br\/news\/area-de-lazer\/","title":{"rendered":"\u00c1REA DE LAZER"},"content":{"rendered":"<p>Devido as obras n\u00e3o terem sido conclu\u00eddas na previs\u00e3o estimada, a abertura da \u00c1rea de Lazer dos Vigilantes foi prorrogada para o dia 02\u00a0de janeiro\u00a0de 2016.<\/p>\n<p>Desculpem-nos o transtorno, estamos trabalhando para uma melhor qualidade de vida do Vigilante.<\/p>\n<h3 style=\"text-align: center;\"><strong>SINDESV-DF &#8211; Sempre Vigilante em defesa da categoria<\/strong><\/h3>\n<p class=\"wpf_wrapper\"><a class=\"print_link\" href=\"\" target=\"_blank\">Preparar para impress\u00e3o<\/a><\/p><!-- .wpf_wrapper -->","protected":false},"excerpt":{"rendered":"<p>Devido as obras n\u00e3o terem sido conclu\u00eddas na previs\u00e3o estimada, a abertura da \u00c1rea de Lazer dos Vigilantes foi prorrogada&hellip; <\/p>\n","protected":false},"author":1,"featured_media":0,"comment_status":"closed","ping_status":"closed","sticky":false,"template":"","format":"standard","meta":{"footnotes":""},"categories":[7],"tags":[],"class_list":["post-4760","post","type-post","status-publish","format-standard","hentry","category-noticias"],"jetpack_featured_media_url":"","_links":{"self":[{"href":"https:\/\/sindesvdf.com.br\/news\/wp-json\/wp\/v2\/posts\/4760","targetHints":{"allow":["GET"]}}],"collection":[{"href":"https:\/\/sindesvdf.com.br\/news\/wp-json\/wp\/v2\/posts"}],"about":[{"href":"https:\/\/sindesvdf.com.br\/news\/wp-json\/wp\/v2\/types\/post"}],"author":[{"embeddable":true,"href":"https:\/\/sindesvdf.com.br\/news\/wp-json\/wp\/v2\/users\/1"}],"replies":[{"embeddable":true,"href":"https:\/\/sindesvdf.com.br\/news\/wp-json\/wp\/v2\/comments?post=4760"}],"version-history":[{"count":2,"href":"https:\/\/sindesvdf.com.br\/news\/wp-json\/wp\/v2\/posts\/4760\/revisions"}],"predecessor-version":[{"id":4777,"href":"https:\/\/sindesvdf.com.br\/news\/wp-json\/wp\/v2\/posts\/4760\/revisions\/4777"}],"wp:attachment":[{"href":"https:\/\/sindesvdf.com.br\/news\/wp-json\/wp\/v2\/media?parent=4760"}],"wp:term":[{"taxonomy":"category","embeddable":true,"href":"https:\/\/sindesvdf.com.br\/news\/wp-json\/wp\/v2\/categories?post=4760"},{"taxonomy":"post_tag","embeddable":true,"href":"https:\/\/sindesvdf.com.br\/news\/wp-json\/wp\/v2\/tags?post=4760"}],"curies":[{"name":"wp","href":"https:\/\/api.w.org\/{rel}","templated":true}]}}