{"id":4790,"date":"2015-11-03T10:19:29","date_gmt":"2015-11-03T12:19:29","guid":{"rendered":"http:\/\/sindesvdf.com.br\/news\/?p=4790"},"modified":"2015-11-03T10:19:29","modified_gmt":"2015-11-03T12:19:29","slug":"inicio-da-campanha-salarial-2016","status":"publish","type":"post","link":"https:\/\/sindesvdf.com.br\/news\/inicio-da-campanha-salarial-2016\/","title":{"rendered":"In\u00edcio da Campanha Salarial 2016"},"content":{"rendered":"<p><img loading=\"lazy\" decoding=\"async\" class=\"alignnone wp-image-4791 size-large aligncenter\" src=\"http:\/\/sindesvdf.com.br\/news\/wp-content\/uploads\/2015\/11\/Foto_001-790x444.jpg\" alt=\"Foto_001\" width=\"790\" height=\"444\" srcset=\"https:\/\/sindesvdf.com.br\/news\/wp-content\/uploads\/2015\/11\/Foto_001-790x444.jpg 790w, https:\/\/sindesvdf.com.br\/news\/wp-content\/uploads\/2015\/11\/Foto_001-300x169.jpg 300w, https:\/\/sindesvdf.com.br\/news\/wp-content\/uploads\/2015\/11\/Foto_001-80x45.jpg 80w, https:\/\/sindesvdf.com.br\/news\/wp-content\/uploads\/2015\/11\/Foto_001-150x84.jpg 150w, https:\/\/sindesvdf.com.br\/news\/wp-content\/uploads\/2015\/11\/Foto_001.jpg 960w\" sizes=\"auto, (max-width: 790px) 100vw, 790px\" \/><\/p>\n<p>Reunidos na pra\u00e7a dos aposentados no Conic, a dire\u00e7\u00e3o do Sindicato dos Vigilantes deliberou uma s\u00e9rie encaminhamentos da pauta de reivindica\u00e7\u00e3o da categoria.<\/p>\n<div class=\"text_exposed_show\">\n<p>Manuten\u00e7\u00e3o da jornada 12&#215;36 horas, o reajuste salarial de 15%, o aumento do ticket para R$ 40 reais e a manuten\u00e7\u00e3o dos direitos conquistados s\u00e3o algumas das nossas reivindica\u00e7\u00f5es para a conven\u00e7\u00e3o coletiva de 2016.<\/p>\n<p>Um ponto a ser colocado \u00e9 que se acabar com a jornada 12&#215;36, como o sindicato patronal quer, para cada posto com quatro vigilantes, um ficar\u00e1 desempregado.<\/p>\n<p>Tamb\u00e9m foi colocado na pauta de discuss\u00e3o a nossa luta pela manuten\u00e7\u00e3o dos empregos, uma vez que o governo do Distrito Federal pretende cortar 25% dos postos de trabalho dos vigilantes da sa\u00fade e da educa\u00e7\u00e3o.<\/p>\n<p>Estamos atentos a todas movimenta\u00e7\u00f5es que s\u00e3o do interesse dos vigilantes, e vamos continuar lutando para que n\u00e3o tenha retrocesso e continuar avan\u00e7ado.<\/p>\n<p>Assista o v\u00eddeo.<\/p>\n<div style=\"width: 426px;\" class=\"wp-video\"><video class=\"wp-video-shortcode\" id=\"video-4790-1\" width=\"426\" height=\"244\" preload=\"metadata\" controls=\"controls\"><source type=\"video\/mp4\" src=\"http:\/\/sindesvdf.com.br\/news\/wp-content\/uploads\/2015\/11\/Ass-31-10-2015.mp4?_=1\" \/><a href=\"http:\/\/sindesvdf.com.br\/news\/wp-content\/uploads\/2015\/11\/Ass-31-10-2015.mp4\">http:\/\/sindesvdf.com.br\/news\/wp-content\/uploads\/2015\/11\/Ass-31-10-2015.mp4<\/a><\/video><\/div>\n<p style=\"text-align: right;\"><span style=\"color: #ff0000;\"><em>Fonte: Chico Vigilante<\/em><\/span><\/p>\n<\/div>\n<p class=\"wpf_wrapper\"><a class=\"print_link\" href=\"\" target=\"_blank\">Preparar para impress\u00e3o<\/a><\/p><!-- .wpf_wrapper -->","protected":false},"excerpt":{"rendered":"<p>Reunidos na pra\u00e7a dos aposentados no Conic, a dire\u00e7\u00e3o do Sindicato dos Vigilantes deliberou uma s\u00e9rie encaminhamentos da pauta de&hellip; <\/p>\n","protected":false},"author":1,"featured_media":0,"comment_status":"closed","ping_status":"closed","sticky":false,"template":"","format":"standard","meta":{"footnotes":""},"categories":[7],"tags":[],"class_list":["post-4790","post","type-post","status-publish","format-standard","hentry","category-noticias"],"jetpack_featured_media_url":"","_links":{"self":[{"href":"https:\/\/sindesvdf.com.br\/news\/wp-json\/wp\/v2\/posts\/4790","targetHints":{"allow":["GET"]}}],"collection":[{"href":"https:\/\/sindesvdf.com.br\/news\/wp-json\/wp\/v2\/posts"}],"about":[{"href":"https:\/\/sindesvdf.com.br\/news\/wp-json\/wp\/v2\/types\/post"}],"author":[{"embeddable":true,"href":"https:\/\/sindesvdf.com.br\/news\/wp-json\/wp\/v2\/users\/1"}],"replies":[{"embeddable":true,"href":"https:\/\/sindesvdf.com.br\/news\/wp-json\/wp\/v2\/comments?post=4790"}],"version-history":[{"count":2,"href":"https:\/\/sindesvdf.com.br\/news\/wp-json\/wp\/v2\/posts\/4790\/revisions"}],"predecessor-version":[{"id":4795,"href":"https:\/\/sindesvdf.com.br\/news\/wp-json\/wp\/v2\/posts\/4790\/revisions\/4795"}],"wp:attachment":[{"href":"https:\/\/sindesvdf.com.br\/news\/wp-json\/wp\/v2\/media?parent=4790"}],"wp:term":[{"taxonomy":"category","embeddable":true,"href":"https:\/\/sindesvdf.com.br\/news\/wp-json\/wp\/v2\/categories?post=4790"},{"taxonomy":"post_tag","embeddable":true,"href":"https:\/\/sindesvdf.com.br\/news\/wp-json\/wp\/v2\/tags?post=4790"}],"curies":[{"name":"wp","href":"https:\/\/api.w.org\/{rel}","templated":true}]}}