{"id":4811,"date":"2015-11-05T12:59:28","date_gmt":"2015-11-05T14:59:28","guid":{"rendered":"http:\/\/sindesvdf.com.br\/news\/?p=4811"},"modified":"2015-11-05T15:06:11","modified_gmt":"2015-11-05T17:06:11","slug":"vitoria","status":"publish","type":"post","link":"https:\/\/sindesvdf.com.br\/news\/vitoria\/","title":{"rendered":"Vit\u00f3ria!"},"content":{"rendered":"<h2 style=\"text-align: center;\"><span style=\"font-size: 24px;\"><strong><em>Luta do Sindicato e do Deputado Chico Vigilante garante:<br \/>\n<\/em>N\u00e3o haver\u00e1 mais redu\u00e7\u00e3o de postos nas secretarias de Sa\u00fade e Educa\u00e7\u00e3o <\/strong><\/span><\/h2>\n<figure id=\"attachment_4813\" aria-describedby=\"caption-attachment-4813\" style=\"width: 501px\" class=\"wp-caption alignright\"><img loading=\"lazy\" decoding=\"async\" class=\"wp-image-4813\" src=\"http:\/\/sindesvdf.com.br\/news\/wp-content\/uploads\/2015\/11\/FPP_5882-790x501.jpg\" alt=\"FPP_5882\" width=\"501\" height=\"318\" srcset=\"https:\/\/sindesvdf.com.br\/news\/wp-content\/uploads\/2015\/11\/FPP_5882.jpg 790w, https:\/\/sindesvdf.com.br\/news\/wp-content\/uploads\/2015\/11\/FPP_5882-300x190.jpg 300w, https:\/\/sindesvdf.com.br\/news\/wp-content\/uploads\/2015\/11\/FPP_5882-80x51.jpg 80w, https:\/\/sindesvdf.com.br\/news\/wp-content\/uploads\/2015\/11\/FPP_5882-150x95.jpg 150w\" sizes=\"auto, (max-width: 501px) 100vw, 501px\" \/><figcaption id=\"caption-attachment-4813\" class=\"wp-caption-text\">Esta \u00e9 a equipe que lutou pela manuten\u00e7\u00e3o de seus empregos: Paulo Quadros, Chico Vigilante e Jervalino Bispo<\/figcaption><\/figure>\n<p style=\"text-align: left;\">Em reuni\u00e3o realizada na tarde do dia 04\/11 com o governador Rollemberg e mais dois secret\u00e1rios do GDF, conseguimos reverter a redu\u00e7\u00e3o de postos de seguran\u00e7a privada nas secretarias de Sa\u00fade e Educa\u00e7\u00e3o. Nenhum vigilante desses dois \u00f3rg\u00e3os do GDF ser\u00e1 demitido, conforme havia anunciado o GDF.<\/p>\n<p style=\"text-align: left;\">A determina\u00e7\u00e3o do governo \u00e9 que haveria redu\u00e7\u00e3o de 25% nesses dois \u00f3rg\u00e3os e muitos companheiros e companheiras j\u00e1 estavam de aviso pr\u00e9vio. O Sindicato dos Vigilantes do DF informa que os <strong>AVISOS PR\u00c9VIOS FORAM CANCELADOS<\/strong>\u00a0e as empresas passar\u00e3o nos postos para recolher os mesmos.<\/p>\n<p style=\"text-align: left;\">Estamos pr\u00f3ximos do Natal e esta \u00e9 uma das melhores not\u00edcias que o Sindicato poderia dar a esses pais e m\u00e3es de fam\u00edlia que estavam desesperados. Seus empregos foram mantidos e tudo gra\u00e7as \u00e0 luta, determina\u00e7\u00e3o e compromisso da dire\u00e7\u00e3o do Sindicato e do companheiro e deputado da categoria: Chico Vigilante, que sempre abre portas importantes para defender direitos e conquistas dos vigilantes.<\/p>\n<p style=\"text-align: center;\"><span style=\"font-size: 20px; color: #000000;\"><strong>Parab\u00e9ns a todos e todas por essa grande e merecida vit\u00f3ria!<\/strong><\/span><\/p>\n<p style=\"text-align: center;\"><span style=\"font-size: 16px;\"><strong><em>Veja abaixo o v\u00eddeo com as falas do Deputado Chico Vigilante e do vice-presidente Paulo Quadros<\/em><\/strong><\/span><\/p>\n<div style=\"width: 854px;\" class=\"wp-video\"><video class=\"wp-video-shortcode\" id=\"video-4811-1\" width=\"854\" height=\"480\" preload=\"metadata\" controls=\"controls\"><source type=\"video\/mp4\" src=\"http:\/\/sindesvdf.com.br\/news\/wp-content\/uploads\/2015\/11\/Fala-Chico-Paulo.mp4?_=1\" \/><a href=\"http:\/\/sindesvdf.com.br\/news\/wp-content\/uploads\/2015\/11\/Fala-Chico-Paulo.mp4\">http:\/\/sindesvdf.com.br\/news\/wp-content\/uploads\/2015\/11\/Fala-Chico-Paulo.mp4<\/a><\/video><\/div>\n<hr \/>\n<p style=\"text-align: center;\"><span style=\"color: #ff0000;\"><span style=\"font-size: 24px;\"><strong>N\u00e3o vamos dar carona para oportunistas que nunca deram plant\u00e3o em posto de\u00a0<\/strong><\/span><span style=\"font-size: 24px; line-height: 36px;\"><b>servi\u00e7o<\/b><\/span><\/span><\/p>\n<p><img loading=\"lazy\" decoding=\"async\" class=\"wp-image-4822 alignright\" src=\"http:\/\/sindesvdf.com.br\/news\/wp-content\/uploads\/2015\/11\/Charge-trabalhadores-unidos-790x544.jpg\" alt=\"Charge-trabalhadores-unidos\" width=\"370\" height=\"255\" srcset=\"https:\/\/sindesvdf.com.br\/news\/wp-content\/uploads\/2015\/11\/Charge-trabalhadores-unidos-790x544.jpg 790w, https:\/\/sindesvdf.com.br\/news\/wp-content\/uploads\/2015\/11\/Charge-trabalhadores-unidos-300x206.jpg 300w, https:\/\/sindesvdf.com.br\/news\/wp-content\/uploads\/2015\/11\/Charge-trabalhadores-unidos-80x55.jpg 80w, https:\/\/sindesvdf.com.br\/news\/wp-content\/uploads\/2015\/11\/Charge-trabalhadores-unidos-150x103.jpg 150w, https:\/\/sindesvdf.com.br\/news\/wp-content\/uploads\/2015\/11\/Charge-trabalhadores-unidos.jpg 859w\" sizes=\"auto, (max-width: 370px) 100vw, 370px\" \/>Quem representa a categoria \u00e9 o Sindicato dos Vigilantes do DF que, junto com o deputado Chico Vigilante, est\u00e1 sempre na luta para defender direitos, empregos e conquistas. Mas, diante das grandes vit\u00f3rias que acumulamos ao longo dos anos e a crescente demonstra\u00e7\u00e3o de for\u00e7a da categoria, est\u00e3o aparecendo in\u00fameros aventureiros, oportunistas e boateiros caindo de paraquedas para confundir os vigilantes em preju\u00edzo de toda uma categoria.<\/p>\n<p>Mais uma vez alertamos os companheiros e companheiras para que n\u00e3o acreditem em boatos, mentiras e toda sorte de intrigas, pois nunca vimos nenhuma dessas pessoas, sejam patr\u00f5es, deputada e prepostos que tenham feito uma \u00fanica coisa boa para os vigilantes. Tudo o que temos foi arrancado com luta, coragem e for\u00e7a da categoria. Nada nos foi dado de gra\u00e7a. Se tivesse algum patr\u00e3o bonzinho, nem precisaria de Sindicato, n\u00e3o \u00e9 mesmo?<\/p>\n<p>No entanto, diariamente este sindicato passa o tempo desfazendo as maldades patronais contra os empregados de v\u00e1rias empresas que at\u00e9 parecem amigados com o c\u00e3o, de t\u00e3o ruins que s\u00e3o.<\/p>\n<hr \/>\n<p><span style=\"font-size: 18px;\"><strong>Agradecimento<\/strong><\/span><\/p>\n<p>O Sindicato agradece a sensibilidade do governador Rollemberg que ouviu todas as pondera\u00e7\u00f5es colocadas por esta entidade e pelo deputado Chico Vigilante, cancelando assim a redu\u00e7\u00e3o dos postos de servi\u00e7os nas secretarias de Sa\u00fade e Educa\u00e7\u00e3o.<\/p>\n<hr \/>\n<p>&nbsp;<\/p>\n<p style=\"text-align: center;\"><span style=\"font-size: 20px;\"><strong><span style=\"color: #ff0000;\">Esta vit\u00f3ria \u00e9 nossa: do Sindicato, do deputado Chico Vigilante, da CATEGORIA e de ningu\u00e9m mais, e temos dito.<\/span><\/strong><\/span><\/p>\n<p>&nbsp;<\/p>\n<p>&nbsp;<\/p>\n<p class=\"wpf_wrapper\"><a class=\"print_link\" href=\"\" target=\"_blank\">Preparar para impress\u00e3o<\/a><\/p><!-- .wpf_wrapper -->","protected":false},"excerpt":{"rendered":"<p>Luta do Sindicato e do Deputado Chico Vigilante garante: N\u00e3o haver\u00e1 mais redu\u00e7\u00e3o de postos nas secretarias de Sa\u00fade e&hellip; <\/p>\n","protected":false},"author":1,"featured_media":0,"comment_status":"closed","ping_status":"closed","sticky":false,"template":"","format":"standard","meta":{"footnotes":""},"categories":[7],"tags":[],"class_list":["post-4811","post","type-post","status-publish","format-standard","hentry","category-noticias"],"jetpack_featured_media_url":"","_links":{"self":[{"href":"https:\/\/sindesvdf.com.br\/news\/wp-json\/wp\/v2\/posts\/4811","targetHints":{"allow":["GET"]}}],"collection":[{"href":"https:\/\/sindesvdf.com.br\/news\/wp-json\/wp\/v2\/posts"}],"about":[{"href":"https:\/\/sindesvdf.com.br\/news\/wp-json\/wp\/v2\/types\/post"}],"author":[{"embeddable":true,"href":"https:\/\/sindesvdf.com.br\/news\/wp-json\/wp\/v2\/users\/1"}],"replies":[{"embeddable":true,"href":"https:\/\/sindesvdf.com.br\/news\/wp-json\/wp\/v2\/comments?post=4811"}],"version-history":[{"count":13,"href":"https:\/\/sindesvdf.com.br\/news\/wp-json\/wp\/v2\/posts\/4811\/revisions"}],"predecessor-version":[{"id":4833,"href":"https:\/\/sindesvdf.com.br\/news\/wp-json\/wp\/v2\/posts\/4811\/revisions\/4833"}],"wp:attachment":[{"href":"https:\/\/sindesvdf.com.br\/news\/wp-json\/wp\/v2\/media?parent=4811"}],"wp:term":[{"taxonomy":"category","embeddable":true,"href":"https:\/\/sindesvdf.com.br\/news\/wp-json\/wp\/v2\/categories?post=4811"},{"taxonomy":"post_tag","embeddable":true,"href":"https:\/\/sindesvdf.com.br\/news\/wp-json\/wp\/v2\/tags?post=4811"}],"curies":[{"name":"wp","href":"https:\/\/api.w.org\/{rel}","templated":true}]}}