{"id":4878,"date":"2015-11-12T16:38:35","date_gmt":"2015-11-12T18:38:35","guid":{"rendered":"http:\/\/sindesvdf.com.br\/news\/?p=4878"},"modified":"2015-11-12T16:38:35","modified_gmt":"2015-11-12T18:38:35","slug":"golpe-contra-os-trabalhadores","status":"publish","type":"post","link":"https:\/\/sindesvdf.com.br\/news\/golpe-contra-os-trabalhadores\/","title":{"rendered":"Golpe contra os trabalhadores!"},"content":{"rendered":"<h2 style=\"text-align: center;\"><strong>Juiz afasta dire\u00e7\u00e3o eleita democraticamente para o Sindicato dos Vigilantes de Manaus e entrega entidade a velho golpista!<\/strong><\/h2>\n<p><img loading=\"lazy\" decoding=\"async\" class=\"size-full wp-image-4879 alignright\" src=\"http:\/\/sindesvdf.com.br\/news\/wp-content\/uploads\/2015\/11\/Justi\u00e7a-Cega.png\" alt=\"Justi\u00e7a Cega\" width=\"522\" height=\"336\" srcset=\"https:\/\/sindesvdf.com.br\/news\/wp-content\/uploads\/2015\/11\/Justi\u00e7a-Cega.png 522w, https:\/\/sindesvdf.com.br\/news\/wp-content\/uploads\/2015\/11\/Justi\u00e7a-Cega-300x193.png 300w, https:\/\/sindesvdf.com.br\/news\/wp-content\/uploads\/2015\/11\/Justi\u00e7a-Cega-80x51.png 80w, https:\/\/sindesvdf.com.br\/news\/wp-content\/uploads\/2015\/11\/Justi\u00e7a-Cega-150x97.png 150w\" sizes=\"auto, (max-width: 522px) 100vw, 522px\" \/>Se valendo de uma liminar, o juiz Pedro Barreto Falc\u00e3o Neto, da 14\u00aa Vara do Trabalho de Manaus, afastou temporariamente a diretoria do Sindicato dos Vigilantes de Manaus nesta quarta-feira (11\/11). Eleita com 82,10% dos votos nos dias 24 e 25 de setembro, a dire\u00e7\u00e3o do Sindicato vinha pressionando duas empresas para honrarem seus compromissos com os trabalhadores. A Confedera\u00e7\u00e3o Nacional dos Vigilantes (CNTV) vem a p\u00fablico denunciar mais este golpe contra a democracia e os trabalhadores.<\/p>\n<p>Segundo o presidente da entidade, Valderli Bernardo, coincidentemente tr\u00eas funcion\u00e1rios destas mesmas empresas s\u00e3o os reclamantes no processo.<em> \u201cS\u00e3o eles Andr\u00e9 Vieira da Visam, Redson Renato e Jucelino da Amazon\u201d<\/em>, denunciou. Valderli conta que o sindicato ajuizou a\u00e7\u00e3o coletiva para garantir o pagamento dos trabalhadores, sendo que somente uma das empresas deve aproximadamente R$ 3 milh\u00f5es. <em>\u201cPor isso \u00e9 mais f\u00e1cil patrocinar uma decis\u00e3o judicial eivada de irregularidades\u201d<\/em>, ponderou.<em> \u201cE como n\u00e3o poderia ser diferente, o presidente da junta \u00e9 o Frank Romero, o tesoureiro Elias Henrique e Ant\u00f4nio secret\u00e1rio geral, tendo como apoiadores os membros das chapas que foram derrotadas na elei\u00e7\u00e3o deste ano no sindicato e que eram patrocinadas por empres\u00e1rios do segmento\u201d<\/em>, completou. Frank Romero \u00e9 presidente da Fesvine e ex-presidente do Sindicato. Membro de outras juntas interventoras nomeadas neste mesmo formato de golpe e ainda derrotado, ao menos, nas \u00faltimas quatro elei\u00e7\u00f5es disputadas no Sindicato. Tamb\u00e9m \u00e9 interesse das empresas barrar o sindicato porque neste m\u00eas seria discutida com o patronal a Participa\u00e7\u00e3o nos Lucros e Resultados (PLR). O Sindicato est\u00e1 movendo os recursos jur\u00eddicos para fazer valer a vontade da categoria, bem como denunciando e mobilizando a categoria para repudiar este tipo de a\u00e7\u00e3o nefasta.<\/p>\n<p style=\"text-align: right;\"><span style=\"color: #ff0000;\"><em>Fonte: Not\u00edcias CNTV<\/em><\/span><\/p>\n<p style=\"text-align: left;\"><span style=\"color: #800000;\"><strong>Veja a seguir a fala do Chico Vigilante sobre esse verdadeiro crime contra os vigilantes de Manaus.<\/strong><\/span><\/p>\n<div style=\"width: 640px;\" class=\"wp-video\"><video class=\"wp-video-shortcode\" id=\"video-4878-1\" width=\"640\" height=\"352\" preload=\"metadata\" controls=\"controls\"><source type=\"video\/mp4\" src=\"http:\/\/sindesvdf.com.br\/news\/wp-content\/uploads\/2015\/11\/Fala-Chico_10.mp4?_=1\" \/><a href=\"http:\/\/sindesvdf.com.br\/news\/wp-content\/uploads\/2015\/11\/Fala-Chico_10.mp4\">http:\/\/sindesvdf.com.br\/news\/wp-content\/uploads\/2015\/11\/Fala-Chico_10.mp4<\/a><\/video><\/div>\n<p style=\"text-align: right;\">\n<p style=\"text-align: left;\">\n<p class=\"wpf_wrapper\"><a class=\"print_link\" href=\"\" target=\"_blank\">Preparar para impress\u00e3o<\/a><\/p><!-- .wpf_wrapper -->","protected":false},"excerpt":{"rendered":"<p>Juiz afasta dire\u00e7\u00e3o eleita democraticamente para o Sindicato dos Vigilantes de Manaus e entrega entidade a velho golpista! Se valendo&hellip; <\/p>\n","protected":false},"author":1,"featured_media":0,"comment_status":"closed","ping_status":"closed","sticky":false,"template":"","format":"standard","meta":{"footnotes":""},"categories":[7],"tags":[],"class_list":["post-4878","post","type-post","status-publish","format-standard","hentry","category-noticias"],"jetpack_featured_media_url":"","_links":{"self":[{"href":"https:\/\/sindesvdf.com.br\/news\/wp-json\/wp\/v2\/posts\/4878","targetHints":{"allow":["GET"]}}],"collection":[{"href":"https:\/\/sindesvdf.com.br\/news\/wp-json\/wp\/v2\/posts"}],"about":[{"href":"https:\/\/sindesvdf.com.br\/news\/wp-json\/wp\/v2\/types\/post"}],"author":[{"embeddable":true,"href":"https:\/\/sindesvdf.com.br\/news\/wp-json\/wp\/v2\/users\/1"}],"replies":[{"embeddable":true,"href":"https:\/\/sindesvdf.com.br\/news\/wp-json\/wp\/v2\/comments?post=4878"}],"version-history":[{"count":2,"href":"https:\/\/sindesvdf.com.br\/news\/wp-json\/wp\/v2\/posts\/4878\/revisions"}],"predecessor-version":[{"id":4881,"href":"https:\/\/sindesvdf.com.br\/news\/wp-json\/wp\/v2\/posts\/4878\/revisions\/4881"}],"wp:attachment":[{"href":"https:\/\/sindesvdf.com.br\/news\/wp-json\/wp\/v2\/media?parent=4878"}],"wp:term":[{"taxonomy":"category","embeddable":true,"href":"https:\/\/sindesvdf.com.br\/news\/wp-json\/wp\/v2\/categories?post=4878"},{"taxonomy":"post_tag","embeddable":true,"href":"https:\/\/sindesvdf.com.br\/news\/wp-json\/wp\/v2\/tags?post=4878"}],"curies":[{"name":"wp","href":"https:\/\/api.w.org\/{rel}","templated":true}]}}