{"id":5018,"date":"2015-11-27T10:30:44","date_gmt":"2015-11-27T12:30:44","guid":{"rendered":"http:\/\/sindesvdf.com.br\/news\/?p=5018"},"modified":"2015-11-27T13:14:03","modified_gmt":"2015-11-27T15:14:03","slug":"sindesv-df-participa-do-ato-congresso-nacional-pelo-fim-da-violencia-contra-a-mulher","status":"publish","type":"post","link":"https:\/\/sindesvdf.com.br\/news\/sindesv-df-participa-do-ato-congresso-nacional-pelo-fim-da-violencia-contra-a-mulher\/","title":{"rendered":"SINDESV-DF participa do ato \u201cCongresso Nacional pelo fim da viol\u00eancia contra a Mulher\u201d"},"content":{"rendered":"<figure id=\"attachment_5019\" aria-describedby=\"caption-attachment-5019\" style=\"width: 400px\" class=\"wp-caption alignleft\"><img loading=\"lazy\" decoding=\"async\" class=\"wp-image-5019\" src=\"http:\/\/sindesvdf.com.br\/news\/wp-content\/uploads\/2015\/11\/Dia-da-n\u00e3o-viol\u00eancia-contra-a-mulher-e1448626866452-790x545.jpg\" alt=\"Dia da n\u00e3o viol\u00eancia contra a mulher\" width=\"400\" height=\"276\" srcset=\"https:\/\/sindesvdf.com.br\/news\/wp-content\/uploads\/2015\/11\/Dia-da-n\u00e3o-viol\u00eancia-contra-a-mulher-e1448626866452-790x545.jpg 790w, https:\/\/sindesvdf.com.br\/news\/wp-content\/uploads\/2015\/11\/Dia-da-n\u00e3o-viol\u00eancia-contra-a-mulher-e1448626866452-300x207.jpg 300w, https:\/\/sindesvdf.com.br\/news\/wp-content\/uploads\/2015\/11\/Dia-da-n\u00e3o-viol\u00eancia-contra-a-mulher-e1448626866452-80x55.jpg 80w, https:\/\/sindesvdf.com.br\/news\/wp-content\/uploads\/2015\/11\/Dia-da-n\u00e3o-viol\u00eancia-contra-a-mulher-e1448626866452-150x103.jpg 150w\" sizes=\"auto, (max-width: 400px) 100vw, 400px\" \/><figcaption id=\"caption-attachment-5019\" class=\"wp-caption-text\">Representantes do\u00a0SINDESV-DF,\u00a0a Senadora Vanessa Grazziotin <em>(2\u00aa \u00e0 direita)<\/em> e a representante da ONU Mulheres no Brasil, Nadine Gasman <em>(3\u00aa \u00e0 direita)<\/em>.<\/figcaption><\/figure>\n<p>A Comiss\u00e3o Permanente Mista de Combate \u00e0 Viol\u00eancia contra a Mulher, em parceria com a Procuradoria da Mulher do Senado e a Secretaria da Mulher da C\u00e2mara dos Deputados, realizou o Ato Solene requerido pela Senadora Vanessa Grazziotin<strong>\u00a0\u201cCongresso Nacional Pelo Fim da Viol\u00eancia Contra a Mulher\u201d, <\/strong>no Sal\u00e3o Nobre da C\u00e2mara dos Deputados, no \u00faltimo dia <strong>25 de novembro<\/strong> <em>(Dia Internacional da N\u00e3o Viol\u00eancia Contra a Mulher)<\/em>. Na ocasi\u00e3o, ocorreu lan\u00e7amento do Blog da Comiss\u00e3o Mista de Combate \u00e0 Viol\u00eancia contra a Mulher (<a href=\"http:\/\/www.mulheresnocongresso.com\/\" target=\"_blank\">mulheresnocongresso.com<\/a>) e o lan\u00e7amento, no Congresso Nacional, do Mapa da Viol\u00eancia \u2013 2015: Homic\u00eddio de Mulheres no Brasil, com a presen\u00e7a do Professor J\u00falio Jacob, respons\u00e1vel pela pesquisa. O Ato Solene \u00e9 um dos eventos organizados pela bancada feminina do Congresso em alus\u00e3o \u00e0 campanha mundial <strong>\u201c16 Dias de Ativismo, Pelo Fim da Viol\u00eancia Contra as Mulheres\u201d<\/strong>. O evento ocorreu em um momento em que o Mapa da Viol\u00eancia acaba de ser divulgado, revelando que 13 mulheres s\u00e3o assassinadas por dia no Brasil e que houve um aumento expressivo do assassinato de mulheres negras.<\/p>\n<p>Apesar de ser uma pauta que obteve avan\u00e7os nos \u00faltimos anos, tanto no Brasil como no mundo, ainda \u00e9 preciso falar e falar sobre esse assunto. Porque os n\u00fameros da viol\u00eancia dom\u00e9stica e da viol\u00eancia sexual, que tem as mulheres como maiores v\u00edtimas, continuam muito altos e tamb\u00e9m porque temos que acrescentar dados sobre viol\u00eancia obst\u00e9trica, al\u00e9m de outras estruturas sociais perversas que atingem as mulheres como o racismo, a gordofobia e o capacitismo, a desigualdade de oportunidades\u00a0e\u00a0o ass\u00e9dio moral no trabalho. Ainda \u00e9 preciso falar que a viol\u00eancia n\u00e3o \u00e9 apenas f\u00edsica, mas tamb\u00e9m psicol\u00f3gica. Ainda \u00e9 preciso questionar porque a <strong>Lei Maria da Penha<\/strong>, apesar de seus 8 anos de exist\u00eancia, ainda n\u00e3o protege as mulheres. Por que as mulheres devem mudar totalmente suas vidas, largarem empregos e irem para abrigos quando amea\u00e7adas pela viol\u00eancia de um ex-companheiro? Como enxergamos a v\u00edtima e como o Estado pode agir para proteger as mulheres e dar-lhes seguran\u00e7a? Ainda \u00e9 preciso dizer que saia curta n\u00e3o \u00e9 raz\u00e3o para estupro. Ainda \u00e9 preciso dizer que ass\u00e9dio em locais p\u00fablicos tamb\u00e9m \u00e9 viol\u00eancia. Ainda \u00e9 preciso dizer que uma \u201ccantada\u201d muitas vezes \u00e9 uma invas\u00e3o, n\u00e3o importa a inten\u00e7\u00e3o. Ainda \u00e9 preciso denunciar que viol\u00eancia n\u00e3o \u00e9 t\u00e1tica de conquista. Ainda \u00e9 preciso lutar para que os relacionamentos amorosos n\u00e3o sejam baseados na posse do outro. A viol\u00eancia \u00e9 parte cotidiana da vida de muitas mulheres. Lutar para que a sociedade compreenda a gravidade dessa situa\u00e7\u00e3o \u00e9 uma das principais a\u00e7\u00f5es do movimento de mulheres. O que n\u00f3s temos que fazer \u00e9 construir alternativas de preven\u00e7\u00e3o da viol\u00eancia atrav\u00e9s de uma educa\u00e7\u00e3o n\u00e3o sexista, da auto-organiza\u00e7\u00e3o das mulheres e de como rever os pap\u00e9is sociais de homens e mulheres na sociedade.<\/p>\n<p style=\"text-align: center;\"><strong>O SINDESV-DF REPUDIA TODO TIPO DE VIOL\u00caNCIA CONTRA A MULHER E TEM FEITO UM TRABALHO DE ASSIST\u00caNCIA\u00a0PARA AS COMPANHEIRAS VIGILANTES V\u00cdTIMAS DE VIOL\u00caNCIA. <\/strong><\/p>\n<p style=\"text-align: center;\"><strong>CABE A TODOS N\u00d3S MUDAR ESSA TRISTE REALIDADE.<\/strong><\/p>\n<p style=\"text-align: center;\"><strong>N\u00c3O SE CALE DENUNCIE: LIGUE 180<br \/>\n(Central de atendimento \u00e0 Mulher)<\/strong><\/p>\n<p style=\"text-align: center;\"><em><strong>O <\/strong><strong>Ligue 180<\/strong> foi criado pela Secretaria de Pol\u00edticas para as Mulheres da Presid\u00eancia da Rep\u00fablica (SPM-PR), em 2005, para servir de canal direto de orienta\u00e7\u00e3o sobre direitos e servi\u00e7os p\u00fablicos para a popula\u00e7\u00e3o feminina em todo o pa\u00eds (a liga\u00e7\u00e3o \u00e9 gratuita).\u00a0<\/em><\/p>\n<p class=\"wpf_wrapper\"><a class=\"print_link\" href=\"\" target=\"_blank\">Preparar para impress\u00e3o<\/a><\/p><!-- .wpf_wrapper -->","protected":false},"excerpt":{"rendered":"<p>A Comiss\u00e3o Permanente Mista de Combate \u00e0 Viol\u00eancia contra a Mulher, em parceria com a Procuradoria da Mulher do Senado&hellip; <\/p>\n","protected":false},"author":1,"featured_media":0,"comment_status":"closed","ping_status":"closed","sticky":false,"template":"","format":"standard","meta":{"footnotes":""},"categories":[7],"tags":[],"class_list":["post-5018","post","type-post","status-publish","format-standard","hentry","category-noticias"],"jetpack_featured_media_url":"","_links":{"self":[{"href":"https:\/\/sindesvdf.com.br\/news\/wp-json\/wp\/v2\/posts\/5018","targetHints":{"allow":["GET"]}}],"collection":[{"href":"https:\/\/sindesvdf.com.br\/news\/wp-json\/wp\/v2\/posts"}],"about":[{"href":"https:\/\/sindesvdf.com.br\/news\/wp-json\/wp\/v2\/types\/post"}],"author":[{"embeddable":true,"href":"https:\/\/sindesvdf.com.br\/news\/wp-json\/wp\/v2\/users\/1"}],"replies":[{"embeddable":true,"href":"https:\/\/sindesvdf.com.br\/news\/wp-json\/wp\/v2\/comments?post=5018"}],"version-history":[{"count":9,"href":"https:\/\/sindesvdf.com.br\/news\/wp-json\/wp\/v2\/posts\/5018\/revisions"}],"predecessor-version":[{"id":5033,"href":"https:\/\/sindesvdf.com.br\/news\/wp-json\/wp\/v2\/posts\/5018\/revisions\/5033"}],"wp:attachment":[{"href":"https:\/\/sindesvdf.com.br\/news\/wp-json\/wp\/v2\/media?parent=5018"}],"wp:term":[{"taxonomy":"category","embeddable":true,"href":"https:\/\/sindesvdf.com.br\/news\/wp-json\/wp\/v2\/categories?post=5018"},{"taxonomy":"post_tag","embeddable":true,"href":"https:\/\/sindesvdf.com.br\/news\/wp-json\/wp\/v2\/tags?post=5018"}],"curies":[{"name":"wp","href":"https:\/\/api.w.org\/{rel}","templated":true}]}}