{"id":5024,"date":"2015-11-27T11:56:25","date_gmt":"2015-11-27T13:56:25","guid":{"rendered":"http:\/\/sindesvdf.com.br\/news\/?p=5024"},"modified":"2015-11-27T14:51:25","modified_gmt":"2015-11-27T16:51:25","slug":"senado-realiza-audiencia-em-homenagem-aos-60-anos-do-dieese","status":"publish","type":"post","link":"https:\/\/sindesvdf.com.br\/news\/senado-realiza-audiencia-em-homenagem-aos-60-anos-do-dieese\/","title":{"rendered":"Senado realiza audi\u00eancia em homenagem aos 60 anos do Dieese"},"content":{"rendered":"<figure id=\"attachment_5029\" aria-describedby=\"caption-attachment-5029\" style=\"width: 400px\" class=\"wp-caption alignleft\"><img loading=\"lazy\" decoding=\"async\" class=\"wp-image-5029\" src=\"http:\/\/sindesvdf.com.br\/news\/wp-content\/uploads\/2015\/11\/Jos\u00e9-Maria-Dieese-e1448631587466-790x566.jpg\" alt=\"Jos\u00e9 Maria-Dieese\" width=\"400\" height=\"287\" srcset=\"https:\/\/sindesvdf.com.br\/news\/wp-content\/uploads\/2015\/11\/Jos\u00e9-Maria-Dieese-e1448631587466-790x566.jpg 790w, https:\/\/sindesvdf.com.br\/news\/wp-content\/uploads\/2015\/11\/Jos\u00e9-Maria-Dieese-e1448631587466-300x215.jpg 300w, https:\/\/sindesvdf.com.br\/news\/wp-content\/uploads\/2015\/11\/Jos\u00e9-Maria-Dieese-e1448631587466-80x57.jpg 80w, https:\/\/sindesvdf.com.br\/news\/wp-content\/uploads\/2015\/11\/Jos\u00e9-Maria-Dieese-e1448631587466-150x107.jpg 150w, https:\/\/sindesvdf.com.br\/news\/wp-content\/uploads\/2015\/11\/Jos\u00e9-Maria-Dieese-e1448631587466.jpg 1863w\" sizes=\"auto, (max-width: 400px) 100vw, 400px\" \/><figcaption id=\"caption-attachment-5029\" class=\"wp-caption-text\">Zenaide Hon\u00f3rio <em>(Presidenta do DIEESE)<\/em>, Paulo Paim <em>(PT\/RS)<\/em> e Jos\u00e9 Maria de Oliveira<em> (Coordenador Regional do DIEESE e Diretor do SINDESV-DF)<\/em><\/figcaption><\/figure>\n<p>No pr\u00f3ximo 22 de dezembro, o DIEESE comemora 60 anos. Para marcar a data,\u00a0a\u00a0Comiss\u00e3o de Direitos Humanos e Legisla\u00e7\u00e3o Participativa (CDH) do Senado realizou em 24 de novembro\u00a0uma audi\u00eancia p\u00fablica em homenagem aos 60 anos do Departamento Intersindical de Estat\u00edstica e Estudos Socioecon\u00f4micos (Dieese).<\/p>\n<p>A reuni\u00e3o teve a participa\u00e7\u00e3o da presidenta\u00a0do Departamento, Zenaide Hon\u00f3rio, da coordenadora de Estudos e Desenvolvimento da institui\u00e7\u00e3o, \u00c2ngela Maria Schwengber, de representantes de centrais sindicais e do Departamento Intersindical de Assessoria Parlamentar (Diap). O Coordenador Regional\u00a0do DIEESE e Diretor do Sindicato dos Vigilantes do Distrito Federal\u00a0(SINDESV-DF), Jos\u00e9 Maria de Oliveira, tamb\u00e9m participou do evento. A homenagem foi proposta pelo senador Paulo Paim (PT-RS).<\/p>\n<p>O Departamento foi criado em 1955 pelo movimento sindical brasileiro para desenvolver pesquisas que fundamentassem as reivindica\u00e7\u00f5es dos trabalhadores. Ao longo de sua hist\u00f3ria, a institui\u00e7\u00e3o conquistou credibilidade nacional e internacional, sendo reconhecida como \u00f3rg\u00e3o de produ\u00e7\u00e3o cient\u00edfica nas \u00e1reas de emprego, renda, negocia\u00e7\u00e3o coletiva e pol\u00edticas p\u00fablicas.<\/p>\n<p>O DIEESE atua nas \u00e1reas de assessoria, pesquisa, educa\u00e7\u00e3o, sob os eixos tem\u00e1ticos de emprego, renda e negocia\u00e7\u00e3o coletiva.\u00a0Um dos estudos mais conhecidos, feitos regularmente pelo Dieese, \u00e9 sobre o custo estimado da cesta b\u00e1sica. A pesquisa \u00e9 realizada mensalmente, em 18 capitais brasileiras. Outra an\u00e1lise famosa da institui\u00e7\u00e3o compara os sal\u00e1rios e as condi\u00e7\u00f5es de trabalho internacionalmente e traz informa\u00e7\u00f5es sobre diversas carreiras.<\/p>\n<p class=\"wpf_wrapper\"><a class=\"print_link\" href=\"\" target=\"_blank\">Preparar para impress\u00e3o<\/a><\/p><!-- .wpf_wrapper -->","protected":false},"excerpt":{"rendered":"<p>No pr\u00f3ximo 22 de dezembro, o DIEESE comemora 60 anos. Para marcar a data,\u00a0a\u00a0Comiss\u00e3o de Direitos Humanos e Legisla\u00e7\u00e3o Participativa&hellip; <\/p>\n","protected":false},"author":1,"featured_media":0,"comment_status":"closed","ping_status":"closed","sticky":false,"template":"","format":"standard","meta":{"footnotes":""},"categories":[7],"tags":[],"class_list":["post-5024","post","type-post","status-publish","format-standard","hentry","category-noticias"],"jetpack_featured_media_url":"","_links":{"self":[{"href":"https:\/\/sindesvdf.com.br\/news\/wp-json\/wp\/v2\/posts\/5024","targetHints":{"allow":["GET"]}}],"collection":[{"href":"https:\/\/sindesvdf.com.br\/news\/wp-json\/wp\/v2\/posts"}],"about":[{"href":"https:\/\/sindesvdf.com.br\/news\/wp-json\/wp\/v2\/types\/post"}],"author":[{"embeddable":true,"href":"https:\/\/sindesvdf.com.br\/news\/wp-json\/wp\/v2\/users\/1"}],"replies":[{"embeddable":true,"href":"https:\/\/sindesvdf.com.br\/news\/wp-json\/wp\/v2\/comments?post=5024"}],"version-history":[{"count":3,"href":"https:\/\/sindesvdf.com.br\/news\/wp-json\/wp\/v2\/posts\/5024\/revisions"}],"predecessor-version":[{"id":5031,"href":"https:\/\/sindesvdf.com.br\/news\/wp-json\/wp\/v2\/posts\/5024\/revisions\/5031"}],"wp:attachment":[{"href":"https:\/\/sindesvdf.com.br\/news\/wp-json\/wp\/v2\/media?parent=5024"}],"wp:term":[{"taxonomy":"category","embeddable":true,"href":"https:\/\/sindesvdf.com.br\/news\/wp-json\/wp\/v2\/categories?post=5024"},{"taxonomy":"post_tag","embeddable":true,"href":"https:\/\/sindesvdf.com.br\/news\/wp-json\/wp\/v2\/tags?post=5024"}],"curies":[{"name":"wp","href":"https:\/\/api.w.org\/{rel}","templated":true}]}}