{"id":5039,"date":"2015-11-27T15:16:09","date_gmt":"2015-11-27T17:16:09","guid":{"rendered":"http:\/\/sindesvdf.com.br\/news\/?p=5039"},"modified":"2015-11-27T15:16:40","modified_gmt":"2015-11-27T17:16:40","slug":"dieese-divulga-nota-tecnica-sobre-a-importancia-da-organizacao-sindical-dos-trabalhadores","status":"publish","type":"post","link":"https:\/\/sindesvdf.com.br\/news\/dieese-divulga-nota-tecnica-sobre-a-importancia-da-organizacao-sindical-dos-trabalhadores\/","title":{"rendered":"DIEESE divulga nota t\u00e9cnica sobre a import\u00e2ncia da organiza\u00e7\u00e3o sindical dos trabalhadores"},"content":{"rendered":"<p>O Departamento Intersindical de Estat\u00edsticas e Estudos Socioecon\u00f4micos (DIEESE) divulgou nesta quarta-feira (25\/11) a nota t\u00e9cnica <strong>\u201cA import\u00e2ncia da organiza\u00e7\u00e3o sindical dos trabalhadores\u201d<\/strong>. No documento, o DIEESE\u00a0destaca a hist\u00f3ria da organiza\u00e7\u00e3o e as caracter\u00edsticas das entidades sindicais no Brasil, al\u00e9m de abordar os direitos dos trabalhadores e a negocia\u00e7\u00e3o coletiva, a import\u00e2ncia dos sindicatos na fiscaliza\u00e7\u00e3o dos direitos dos trabalhadores, entre outros. Leia abaixo um pouco da nota.<\/p>\n<p style=\"text-align: right;\"><span style=\"color: #ff0000;\"><em>Fonte: CNTV<\/em><\/span><\/p>\n<hr \/>\n<p>A import\u00e2ncia da organiza\u00e7\u00e3o sindical dos trabalhadores Os sindicatos s\u00e3o organiza\u00e7\u00f5es de representa\u00e7\u00e3o dos interesses dos trabalhadores, criadas para compensar o poder dos empregadores na rela\u00e7\u00e3o contratual sempre desigual e reconhecidamente conflituosa entre capital e trabalho. Nascem na primeira metade do s\u00e9culo XIX, como rea\u00e7\u00e3o \u00e0s prec\u00e1rias condi\u00e7\u00f5es de trabalho e remunera\u00e7\u00e3o a que est\u00e3o submetidos os trabalhadores no capitalismo. Ao final do s\u00e9culo XIX, os sindicatos obtiveram reconhecimento institucional nos principais pa\u00edses industrializados. Desde ent\u00e3o, t\u00eam exercido papel fundamental na organiza\u00e7\u00e3o da classe trabalhadora para a luta por uma sociedade justa e democr\u00e1tica, pressionando pela amplia\u00e7\u00e3o dos limites dos direitos individuais e coletivos ainda hoje estreitos em muitos pa\u00edses, entre os quais o Brasil. Um dos marcos do reconhecimento da import\u00e2ncia das organiza\u00e7\u00f5es sindicais ocorreu em 1919, logo ap\u00f3s a 1\u00aa Guerra Mundial, com a cria\u00e7\u00e3o da Liga das Na\u00e7\u00f5es, entidade tripartite que deu origem \u00e0 Organiza\u00e7\u00e3o Internacional do Trabalho (OIT). Nos documentos e conven\u00e7\u00f5es da OIT, s\u00e3o reconhecidos o direito de sindicaliza\u00e7\u00e3o, o direito de negocia\u00e7\u00e3o coletiva e o direito de greve, instrumentos de afirma\u00e7\u00e3o dos interesses dos trabalhadores e do poder sindical. Tamb\u00e9m a Declara\u00e7\u00e3o Universal dos Direitos Humanos, aprovada pela Organiza\u00e7\u00e3o das Na\u00e7\u00f5es Unidas (ONU) em 1948, reconhece esse direito fundamental no Artigo 23, que estabelece: \u201cToda pessoa tem o direito de fundar com outras pessoas sindicatos e de se filiar em sindicatos para defesa dos seus interesses\u201d. S\u00e3o resultado da a\u00e7\u00e3o organizada dos trabalhadores importantes avan\u00e7os sociais, entre os quais se destaca a redu\u00e7\u00e3o gradual da jornada de trabalho, de um total de at\u00e9 16 horas, no s\u00e9culo XVIII, para as atuais 8 horas ou menos, na maioria dos pa\u00edses.<\/p>\n<p style=\"text-align: right;\"><span style=\"color: #ff0000;\"><em>Fonte: DIEESE<\/em><\/span><\/p>\n<p>Veja <a href=\"http:\/\/www.dieese.org.br\/notatecnica\/2015\/notaTec151ImportanciaSindicatos.pdf\" target=\"_blank\"><strong>aqui<\/strong><\/a> o arquivo completo<\/p>\n<p class=\"wpf_wrapper\"><a class=\"print_link\" href=\"\" target=\"_blank\">Preparar para impress\u00e3o<\/a><\/p><!-- .wpf_wrapper -->","protected":false},"excerpt":{"rendered":"<p>O Departamento Intersindical de Estat\u00edsticas e Estudos Socioecon\u00f4micos (DIEESE) divulgou nesta quarta-feira (25\/11) a nota t\u00e9cnica \u201cA import\u00e2ncia da organiza\u00e7\u00e3o&hellip; <\/p>\n","protected":false},"author":1,"featured_media":0,"comment_status":"closed","ping_status":"closed","sticky":false,"template":"","format":"standard","meta":{"footnotes":""},"categories":[7],"tags":[],"class_list":["post-5039","post","type-post","status-publish","format-standard","hentry","category-noticias"],"jetpack_featured_media_url":"","_links":{"self":[{"href":"https:\/\/sindesvdf.com.br\/news\/wp-json\/wp\/v2\/posts\/5039","targetHints":{"allow":["GET"]}}],"collection":[{"href":"https:\/\/sindesvdf.com.br\/news\/wp-json\/wp\/v2\/posts"}],"about":[{"href":"https:\/\/sindesvdf.com.br\/news\/wp-json\/wp\/v2\/types\/post"}],"author":[{"embeddable":true,"href":"https:\/\/sindesvdf.com.br\/news\/wp-json\/wp\/v2\/users\/1"}],"replies":[{"embeddable":true,"href":"https:\/\/sindesvdf.com.br\/news\/wp-json\/wp\/v2\/comments?post=5039"}],"version-history":[{"count":2,"href":"https:\/\/sindesvdf.com.br\/news\/wp-json\/wp\/v2\/posts\/5039\/revisions"}],"predecessor-version":[{"id":5041,"href":"https:\/\/sindesvdf.com.br\/news\/wp-json\/wp\/v2\/posts\/5039\/revisions\/5041"}],"wp:attachment":[{"href":"https:\/\/sindesvdf.com.br\/news\/wp-json\/wp\/v2\/media?parent=5039"}],"wp:term":[{"taxonomy":"category","embeddable":true,"href":"https:\/\/sindesvdf.com.br\/news\/wp-json\/wp\/v2\/categories?post=5039"},{"taxonomy":"post_tag","embeddable":true,"href":"https:\/\/sindesvdf.com.br\/news\/wp-json\/wp\/v2\/tags?post=5039"}],"curies":[{"name":"wp","href":"https:\/\/api.w.org\/{rel}","templated":true}]}}