{"id":5064,"date":"2015-12-03T12:11:37","date_gmt":"2015-12-03T14:11:37","guid":{"rendered":"http:\/\/sindesvdf.com.br\/news\/?p=5064"},"modified":"2015-12-03T12:11:37","modified_gmt":"2015-12-03T14:11:37","slug":"redimensionamento-da-rede-de-atendimento-do-plano-de-saude-2","status":"publish","type":"post","link":"https:\/\/sindesvdf.com.br\/news\/redimensionamento-da-rede-de-atendimento-do-plano-de-saude-2\/","title":{"rendered":"Redimensionamento da Rede de Atendimento do Plano de Sa\u00fade"},"content":{"rendered":"<p><img loading=\"lazy\" decoding=\"async\" class=\"size-medium wp-image-4083 aligncenter\" src=\"http:\/\/sindesvdf.com.br\/news\/wp-content\/uploads\/2015\/03\/Unimed-Rede-Credenciada-300x161.jpg\" alt=\"Unimed - Rede Credenciada\" width=\"300\" height=\"161\" \/><\/p>\n<p style=\"text-align: left;\">Informamos que a rede de hospitais, clinicas e laborat\u00f3rios que atende os Vigilantes pelo Plano de Sa\u00fade UNIMED &#8211; Centro-Oeste e Tocantins ser\u00e1 redimensionada a partir do dia 15 de dezembro\/2015, conforme o quadro abaixo.<\/p>\n<p>Para mais informa\u00e7\u00f5es\u00a0favor entrar em contato com a operadora do Plano de Sa\u00fade pelo <strong>0800.642.2201<\/strong><\/p>\n<p>Para solicita\u00e7\u00e3o de servi\u00e7os, marca\u00e7\u00e3o de consultas e outros:<strong> (61) 3403-5380<\/strong><\/p>\n<p>A nova rede continuar\u00e1 atendendo\u00a0todas as coberturas legais exigidas pela ANS (Agencia Nacional de Sa\u00fade).<\/p>\n<p>A Dire\u00e7\u00e3o<\/p>\n<p><a href=\"http:\/\/sindesvdf.com.br\/news\/wp-content\/uploads\/2015\/12\/redimensionamento-de-rede1.png\"><img loading=\"lazy\" decoding=\"async\" class=\"aligncenter size-large wp-image-5067\" src=\"http:\/\/sindesvdf.com.br\/news\/wp-content\/uploads\/2015\/12\/redimensionamento-de-rede1-576x790.png\" alt=\"redimensionamento de rede\" width=\"576\" height=\"790\" srcset=\"https:\/\/sindesvdf.com.br\/news\/wp-content\/uploads\/2015\/12\/redimensionamento-de-rede1-576x790.png 576w, https:\/\/sindesvdf.com.br\/news\/wp-content\/uploads\/2015\/12\/redimensionamento-de-rede1-219x300.png 219w, https:\/\/sindesvdf.com.br\/news\/wp-content\/uploads\/2015\/12\/redimensionamento-de-rede1-58x80.png 58w, https:\/\/sindesvdf.com.br\/news\/wp-content\/uploads\/2015\/12\/redimensionamento-de-rede1-109x150.png 109w, https:\/\/sindesvdf.com.br\/news\/wp-content\/uploads\/2015\/12\/redimensionamento-de-rede1.png 1600w\" sizes=\"auto, (max-width: 576px) 100vw, 576px\" \/><\/a><\/p>\n<p class=\"wpf_wrapper\"><a class=\"print_link\" href=\"\" target=\"_blank\">Preparar para impress\u00e3o<\/a><\/p><!-- .wpf_wrapper -->","protected":false},"excerpt":{"rendered":"<p>Informamos que a rede de hospitais, clinicas e laborat\u00f3rios que atende os Vigilantes pelo Plano de Sa\u00fade UNIMED &#8211; Centro-Oeste&hellip; <\/p>\n","protected":false},"author":1,"featured_media":0,"comment_status":"closed","ping_status":"closed","sticky":false,"template":"","format":"standard","meta":{"footnotes":""},"categories":[7],"tags":[],"class_list":["post-5064","post","type-post","status-publish","format-standard","hentry","category-noticias"],"jetpack_featured_media_url":"","_links":{"self":[{"href":"https:\/\/sindesvdf.com.br\/news\/wp-json\/wp\/v2\/posts\/5064","targetHints":{"allow":["GET"]}}],"collection":[{"href":"https:\/\/sindesvdf.com.br\/news\/wp-json\/wp\/v2\/posts"}],"about":[{"href":"https:\/\/sindesvdf.com.br\/news\/wp-json\/wp\/v2\/types\/post"}],"author":[{"embeddable":true,"href":"https:\/\/sindesvdf.com.br\/news\/wp-json\/wp\/v2\/users\/1"}],"replies":[{"embeddable":true,"href":"https:\/\/sindesvdf.com.br\/news\/wp-json\/wp\/v2\/comments?post=5064"}],"version-history":[{"count":3,"href":"https:\/\/sindesvdf.com.br\/news\/wp-json\/wp\/v2\/posts\/5064\/revisions"}],"predecessor-version":[{"id":5069,"href":"https:\/\/sindesvdf.com.br\/news\/wp-json\/wp\/v2\/posts\/5064\/revisions\/5069"}],"wp:attachment":[{"href":"https:\/\/sindesvdf.com.br\/news\/wp-json\/wp\/v2\/media?parent=5064"}],"wp:term":[{"taxonomy":"category","embeddable":true,"href":"https:\/\/sindesvdf.com.br\/news\/wp-json\/wp\/v2\/categories?post=5064"},{"taxonomy":"post_tag","embeddable":true,"href":"https:\/\/sindesvdf.com.br\/news\/wp-json\/wp\/v2\/tags?post=5064"}],"curies":[{"name":"wp","href":"https:\/\/api.w.org\/{rel}","templated":true}]}}