{"id":5101,"date":"2015-12-11T14:16:38","date_gmt":"2015-12-11T16:16:38","guid":{"rendered":"http:\/\/sindesvdf.com.br\/news\/?p=5101"},"modified":"2015-12-11T16:05:08","modified_gmt":"2015-12-11T18:05:08","slug":"sobre-a-situacao-dos-terceirizados-no-df","status":"publish","type":"post","link":"https:\/\/sindesvdf.com.br\/news\/sobre-a-situacao-dos-terceirizados-no-df\/","title":{"rendered":"Sobre a situa\u00e7\u00e3o dos terceirizados no DF"},"content":{"rendered":"<p><em>&#8220;Neste v\u00eddeo, voc\u00ea pode conferir o meu pronunciamento em que trato sobre o drama vivido pelos trabalhadores terceirizados que est\u00e3o lotados em \u00f3rg\u00e3os da administra\u00e7\u00e3o federal.<\/em><\/p>\n<p><em>\u00c9 um absurdo que o direito ao sal\u00e1rio n\u00e3o esteja sendo garantido. Vamos provocar o Minist\u00e9rio P\u00fablico do Trabalho para que interceda nestes casos que denunciei.<\/em><\/p>\n<div class=\"text_exposed_show\">\n<p><em>Assista o v\u00eddeo completo:&#8221;<\/em><\/p>\n<div style=\"width: 400px;\" class=\"wp-video\"><video class=\"wp-video-shortcode\" id=\"video-5101-1\" width=\"400\" height=\"224\" preload=\"metadata\" controls=\"controls\"><source type=\"video\/mp4\" src=\"http:\/\/sindesvdf.com.br\/news\/wp-content\/uploads\/2015\/12\/Fala-Chico_11.mp4?_=1\" \/><a href=\"http:\/\/sindesvdf.com.br\/news\/wp-content\/uploads\/2015\/12\/Fala-Chico_11.mp4\">http:\/\/sindesvdf.com.br\/news\/wp-content\/uploads\/2015\/12\/Fala-Chico_11.mp4<\/a><\/video><\/div>\n<\/div>\n<p class=\"wpf_wrapper\"><a class=\"print_link\" href=\"\" target=\"_blank\">Preparar para impress\u00e3o<\/a><\/p><!-- .wpf_wrapper -->","protected":false},"excerpt":{"rendered":"<p>&#8220;Neste v\u00eddeo, voc\u00ea pode conferir o meu pronunciamento em que trato sobre o drama vivido pelos trabalhadores terceirizados que est\u00e3o&hellip; <\/p>\n","protected":false},"author":1,"featured_media":0,"comment_status":"closed","ping_status":"closed","sticky":false,"template":"","format":"standard","meta":{"footnotes":""},"categories":[7],"tags":[],"class_list":["post-5101","post","type-post","status-publish","format-standard","hentry","category-noticias"],"jetpack_featured_media_url":"","_links":{"self":[{"href":"https:\/\/sindesvdf.com.br\/news\/wp-json\/wp\/v2\/posts\/5101","targetHints":{"allow":["GET"]}}],"collection":[{"href":"https:\/\/sindesvdf.com.br\/news\/wp-json\/wp\/v2\/posts"}],"about":[{"href":"https:\/\/sindesvdf.com.br\/news\/wp-json\/wp\/v2\/types\/post"}],"author":[{"embeddable":true,"href":"https:\/\/sindesvdf.com.br\/news\/wp-json\/wp\/v2\/users\/1"}],"replies":[{"embeddable":true,"href":"https:\/\/sindesvdf.com.br\/news\/wp-json\/wp\/v2\/comments?post=5101"}],"version-history":[{"count":2,"href":"https:\/\/sindesvdf.com.br\/news\/wp-json\/wp\/v2\/posts\/5101\/revisions"}],"predecessor-version":[{"id":5116,"href":"https:\/\/sindesvdf.com.br\/news\/wp-json\/wp\/v2\/posts\/5101\/revisions\/5116"}],"wp:attachment":[{"href":"https:\/\/sindesvdf.com.br\/news\/wp-json\/wp\/v2\/media?parent=5101"}],"wp:term":[{"taxonomy":"category","embeddable":true,"href":"https:\/\/sindesvdf.com.br\/news\/wp-json\/wp\/v2\/categories?post=5101"},{"taxonomy":"post_tag","embeddable":true,"href":"https:\/\/sindesvdf.com.br\/news\/wp-json\/wp\/v2\/tags?post=5101"}],"curies":[{"name":"wp","href":"https:\/\/api.w.org\/{rel}","templated":true}]}}