{"id":5158,"date":"2015-12-17T17:59:38","date_gmt":"2015-12-17T19:59:38","guid":{"rendered":"http:\/\/sindesvdf.com.br\/news\/?p=5158"},"modified":"2016-01-13T12:11:30","modified_gmt":"2016-01-13T14:11:30","slug":"cldf-aprova-reserva-de-vagas-para-vigilantes-mulheres","status":"publish","type":"post","link":"https:\/\/sindesvdf.com.br\/news\/cldf-aprova-reserva-de-vagas-para-vigilantes-mulheres\/","title":{"rendered":"CLDF aprova reserva de vagas para vigilantes mulheres"},"content":{"rendered":"<p><img loading=\"lazy\" decoding=\"async\" class=\"wp-image-5159 alignleft\" src=\"http:\/\/sindesvdf.com.br\/news\/wp-content\/uploads\/2015\/12\/vigilante_1286126610_img-e1450382190914.gif\" alt=\"\" width=\"198\" height=\"195\" \/>Os deputados distritais aprovaram nesta quarta-feira (16), na C\u00e2mara Legislativa do DF, um Projeto de Lei (PL) que prev\u00ea a reserva de vagas para vigilantes do sexo feminino em todos os contratos firmados pelo Governo do Distrito Federal (GDF) com empresas de vigil\u00e2ncia. De autoria dos deputados Rafael Prudente (PMDB) e Wasny\u00a0de Roure (PT), a Lei garante a reserva de no m\u00ednimo 20% do total de vagas previstas no contrato para ser preenchida pelas mulheres.<\/p>\n<p>Para a secret\u00e1ria de Mulheres da Confedera\u00e7\u00e3o Nacional dos Vigilantes (CNTV), Elenilde Ilorca, essa \u00e9 mais uma grande conquista para as mulheres da categoria. <em>\u201cAl\u00e9m de garantir mais emprego para as vigilantes, \u00e9 tamb\u00e9m uma forma de mostrar para a sociedade que somos capazes de exercer a fun\u00e7\u00e3o com maestria\u201d<\/em>, avaliou.<\/p>\n<p style=\"text-align: right;\"><span style=\"color: #ff0000;\"><em>Fonte: CNTV<\/em><\/span><\/p>\n<p class=\"wpf_wrapper\"><a class=\"print_link\" href=\"\" target=\"_blank\">Preparar para impress\u00e3o<\/a><\/p><!-- .wpf_wrapper -->","protected":false},"excerpt":{"rendered":"<p>Os deputados distritais aprovaram nesta quarta-feira (16), na C\u00e2mara Legislativa do DF, um Projeto de Lei (PL) que prev\u00ea a&hellip; <\/p>\n","protected":false},"author":1,"featured_media":0,"comment_status":"closed","ping_status":"closed","sticky":false,"template":"","format":"standard","meta":{"footnotes":""},"categories":[7],"tags":[],"class_list":["post-5158","post","type-post","status-publish","format-standard","hentry","category-noticias"],"jetpack_featured_media_url":"","_links":{"self":[{"href":"https:\/\/sindesvdf.com.br\/news\/wp-json\/wp\/v2\/posts\/5158","targetHints":{"allow":["GET"]}}],"collection":[{"href":"https:\/\/sindesvdf.com.br\/news\/wp-json\/wp\/v2\/posts"}],"about":[{"href":"https:\/\/sindesvdf.com.br\/news\/wp-json\/wp\/v2\/types\/post"}],"author":[{"embeddable":true,"href":"https:\/\/sindesvdf.com.br\/news\/wp-json\/wp\/v2\/users\/1"}],"replies":[{"embeddable":true,"href":"https:\/\/sindesvdf.com.br\/news\/wp-json\/wp\/v2\/comments?post=5158"}],"version-history":[{"count":7,"href":"https:\/\/sindesvdf.com.br\/news\/wp-json\/wp\/v2\/posts\/5158\/revisions"}],"predecessor-version":[{"id":5299,"href":"https:\/\/sindesvdf.com.br\/news\/wp-json\/wp\/v2\/posts\/5158\/revisions\/5299"}],"wp:attachment":[{"href":"https:\/\/sindesvdf.com.br\/news\/wp-json\/wp\/v2\/media?parent=5158"}],"wp:term":[{"taxonomy":"category","embeddable":true,"href":"https:\/\/sindesvdf.com.br\/news\/wp-json\/wp\/v2\/categories?post=5158"},{"taxonomy":"post_tag","embeddable":true,"href":"https:\/\/sindesvdf.com.br\/news\/wp-json\/wp\/v2\/tags?post=5158"}],"curies":[{"name":"wp","href":"https:\/\/api.w.org\/{rel}","templated":true}]}}