{"id":5165,"date":"2015-12-18T11:13:58","date_gmt":"2015-12-18T13:13:58","guid":{"rendered":"http:\/\/sindesvdf.com.br\/news\/?p=5165"},"modified":"2016-01-13T12:19:34","modified_gmt":"2016-01-13T14:19:34","slug":"campanha-salarial-2016-2","status":"publish","type":"post","link":"https:\/\/sindesvdf.com.br\/news\/campanha-salarial-2016-2\/","title":{"rendered":"Campanha Salarial 2016 &#8211; Assembleia de 17\/12\/2015"},"content":{"rendered":"<h3 style=\"text-align: center;\"><strong>O prazo para os patr\u00f5es apresentarem uma proposta decente \u00e9 at\u00e9 o dia 12\/01<\/strong><\/h3>\n<p><img loading=\"lazy\" decoding=\"async\" class=\"wp-image-5185 aligncenter\" src=\"http:\/\/sindesvdf.com.br\/news\/wp-content\/uploads\/2015\/12\/FPP_3478-790x526.jpg\" alt=\"FPP_3478\" width=\"550\" height=\"366\" srcset=\"https:\/\/sindesvdf.com.br\/news\/wp-content\/uploads\/2015\/12\/FPP_3478-790x526.jpg 790w, https:\/\/sindesvdf.com.br\/news\/wp-content\/uploads\/2015\/12\/FPP_3478-300x200.jpg 300w, https:\/\/sindesvdf.com.br\/news\/wp-content\/uploads\/2015\/12\/FPP_3478-768x512.jpg 768w, https:\/\/sindesvdf.com.br\/news\/wp-content\/uploads\/2015\/12\/FPP_3478-80x53.jpg 80w, https:\/\/sindesvdf.com.br\/news\/wp-content\/uploads\/2015\/12\/FPP_3478-150x100.jpg 150w, https:\/\/sindesvdf.com.br\/news\/wp-content\/uploads\/2015\/12\/FPP_3478-272x182.jpg 272w, https:\/\/sindesvdf.com.br\/news\/wp-content\/uploads\/2015\/12\/FPP_3478.jpg 800w\" sizes=\"auto, (max-width: 550px) 100vw, 550px\" \/>J\u00e1 tem algumas semanas que a dire\u00e7\u00e3o do Sindicato vem negociando regularmente com os patr\u00f5es item por item da nossa Pauta de Reivindica\u00e7\u00f5es. Temos que brigar por cada direito e por cada conquista, pois algumas conquistas da nossa CCT, como por exemplo a jornada 12 x 36 e a cl\u00e1usula da continuidade, sempre s\u00e3o objeto de muita discuss\u00e3o, pois h\u00e1 anos que os empres\u00e1rios tentam tirar essas cl\u00e1usulas.<br \/>\nE quando chegou o dia da Assembleia, as negocia\u00e7\u00f5es at\u00e9 essa data trataram das cl\u00e1usulas sociais, n\u00e3o tinha qualquer proposta financeira. Por isso, uma nova Assembleia foi marcada, aprovada pela categoria, para o dia 12 de Janeiro e com um recado curto e grosso: Se at\u00e9 essa data, n\u00e3o tiver proposta, vamos discutir a possibilidade de fazer uma greve, pois n\u00e3o aceitaremos retrocesso ou qualquer ataque \u00e0s nossas conquistas. E n\u00e3o adiante virem com mimimi de crise, de situa\u00e7\u00e3o dif\u00edcil e outras choradeiras comuns em todas as nossas campanhas salariais.<br \/>\nMas a categoria precisa acreditar no seu poder de luta e mobiliza\u00e7\u00e3o e participar efetivamente da Campanha Salarial. Queremos uma Assembleia gigantesca para mostrar aos patr\u00f5es que estamos unidos e com muita disposi\u00e7\u00e3o para avan\u00e7ar e buscar a vit\u00f3ria, custe o que custar.<br \/>\nContamos com a sua presen\u00e7a.<\/p>\n<p>Galeria de Fotos:<\/p>\n<p style=\"text-align: center;\">[metaslider id=4255]<\/p>\n<p class=\"wpf_wrapper\"><a class=\"print_link\" href=\"\" target=\"_blank\">Preparar para impress\u00e3o<\/a><\/p><!-- .wpf_wrapper -->","protected":false},"excerpt":{"rendered":"<p>O prazo para os patr\u00f5es apresentarem uma proposta decente \u00e9 at\u00e9 o dia 12\/01 J\u00e1 tem algumas semanas que a&hellip; <\/p>\n","protected":false},"author":1,"featured_media":0,"comment_status":"closed","ping_status":"closed","sticky":false,"template":"","format":"standard","meta":{"footnotes":""},"categories":[7],"tags":[],"class_list":["post-5165","post","type-post","status-publish","format-standard","hentry","category-noticias"],"jetpack_featured_media_url":"","_links":{"self":[{"href":"https:\/\/sindesvdf.com.br\/news\/wp-json\/wp\/v2\/posts\/5165","targetHints":{"allow":["GET"]}}],"collection":[{"href":"https:\/\/sindesvdf.com.br\/news\/wp-json\/wp\/v2\/posts"}],"about":[{"href":"https:\/\/sindesvdf.com.br\/news\/wp-json\/wp\/v2\/types\/post"}],"author":[{"embeddable":true,"href":"https:\/\/sindesvdf.com.br\/news\/wp-json\/wp\/v2\/users\/1"}],"replies":[{"embeddable":true,"href":"https:\/\/sindesvdf.com.br\/news\/wp-json\/wp\/v2\/comments?post=5165"}],"version-history":[{"count":10,"href":"https:\/\/sindesvdf.com.br\/news\/wp-json\/wp\/v2\/posts\/5165\/revisions"}],"predecessor-version":[{"id":5304,"href":"https:\/\/sindesvdf.com.br\/news\/wp-json\/wp\/v2\/posts\/5165\/revisions\/5304"}],"wp:attachment":[{"href":"https:\/\/sindesvdf.com.br\/news\/wp-json\/wp\/v2\/media?parent=5165"}],"wp:term":[{"taxonomy":"category","embeddable":true,"href":"https:\/\/sindesvdf.com.br\/news\/wp-json\/wp\/v2\/categories?post=5165"},{"taxonomy":"post_tag","embeddable":true,"href":"https:\/\/sindesvdf.com.br\/news\/wp-json\/wp\/v2\/tags?post=5165"}],"curies":[{"name":"wp","href":"https:\/\/api.w.org\/{rel}","templated":true}]}}