{"id":5197,"date":"2015-12-28T08:36:42","date_gmt":"2015-12-28T10:36:42","guid":{"rendered":"http:\/\/sindesvdf.com.br\/news\/?p=5197"},"modified":"2016-01-13T12:20:52","modified_gmt":"2016-01-13T14:20:52","slug":"campanha-salarial-2016-3","status":"publish","type":"post","link":"https:\/\/sindesvdf.com.br\/news\/campanha-salarial-2016-3\/","title":{"rendered":"Campanha Salarial 2016 &#8211; Convoca\u00e7\u00e3o"},"content":{"rendered":"<p><img loading=\"lazy\" decoding=\"async\" class=\"aligncenter wp-image-5198\" src=\"http:\/\/sindesvdf.com.br\/news\/wp-content\/uploads\/2015\/12\/Assembleia-29-12-2015-790x594.png\" alt=\"Assembleia 29-12-2015\" width=\"900\" height=\"677\" srcset=\"https:\/\/sindesvdf.com.br\/news\/wp-content\/uploads\/2015\/12\/Assembleia-29-12-2015-790x594.png 790w, https:\/\/sindesvdf.com.br\/news\/wp-content\/uploads\/2015\/12\/Assembleia-29-12-2015-300x226.png 300w, https:\/\/sindesvdf.com.br\/news\/wp-content\/uploads\/2015\/12\/Assembleia-29-12-2015-768x578.png 768w, https:\/\/sindesvdf.com.br\/news\/wp-content\/uploads\/2015\/12\/Assembleia-29-12-2015-80x60.png 80w, https:\/\/sindesvdf.com.br\/news\/wp-content\/uploads\/2015\/12\/Assembleia-29-12-2015-150x113.png 150w, https:\/\/sindesvdf.com.br\/news\/wp-content\/uploads\/2015\/12\/Assembleia-29-12-2015.png 1571w\" sizes=\"auto, (max-width: 900px) 100vw, 900px\" \/><\/p>\n<p>Conforme deliberado em nossa \u00faltima Assembleia Geral, quando ficou definido que se tivesse alguma proposta dos patr\u00f5es antes do dia 12\/01, a categoria seria convocada antes dessa data para analisar a mesma.<\/p>\n<p>E a contraproposta patronal est\u00e1 sendo constru\u00edda e vale ressaltar que ela ser\u00e1 fruto de um grande esfor\u00e7o da dire\u00e7\u00e3o deste Sindicato que tem se empenhado nas negocia\u00e7\u00f5es para arrancar uma proposta dos empres\u00e1rios e buscar avan\u00e7os em nossas reivindica\u00e7\u00f5es. Vale destacar tamb\u00e9m a boa vontade patronal em aceitar negociar em pleno per\u00edodo de festas de final de ano.<\/p>\n<p>E a cada negocia\u00e7\u00e3o avan\u00e7amos um pouco mais e acreditamos que na pr\u00f3xima negocia\u00e7\u00e3o na manh\u00e3 de ter\u00e7a-feira, dia 29\/12, a proposta patronal seja efetivada e possamos apresentar a mesma \u00e0 categoria.<\/p>\n<p>Por isso, convocamos todos os vigilantes para participarem da pr\u00f3xima Assembleia Geral, lembrando o quanto \u00e9 importante a presen\u00e7a de cada companheiro e de cada companheira.<\/p>\n<h3 style=\"text-align: center;\"><em><strong>Participem!<\/strong><\/em><\/h3>\n<p>&nbsp;<\/p>\n<hr \/>\n<h2 style=\"text-align: center;\"><strong>Sindicato sempre deixou claro que n\u00e3o aceitaria retrocesso, mesmo em tempo de crise!<\/strong><\/h2>\n<p><img loading=\"lazy\" decoding=\"async\" class=\"alignright wp-image-5174\" src=\"http:\/\/sindesvdf.com.br\/news\/wp-content\/uploads\/2015\/12\/FPP_3368-790x526.jpg\" alt=\"\" width=\"474\" height=\"316\" srcset=\"https:\/\/sindesvdf.com.br\/news\/wp-content\/uploads\/2015\/12\/FPP_3368-790x526.jpg 790w, https:\/\/sindesvdf.com.br\/news\/wp-content\/uploads\/2015\/12\/FPP_3368-300x200.jpg 300w, https:\/\/sindesvdf.com.br\/news\/wp-content\/uploads\/2015\/12\/FPP_3368-768x512.jpg 768w, https:\/\/sindesvdf.com.br\/news\/wp-content\/uploads\/2015\/12\/FPP_3368-80x53.jpg 80w, https:\/\/sindesvdf.com.br\/news\/wp-content\/uploads\/2015\/12\/FPP_3368-150x100.jpg 150w, https:\/\/sindesvdf.com.br\/news\/wp-content\/uploads\/2015\/12\/FPP_3368-272x182.jpg 272w, https:\/\/sindesvdf.com.br\/news\/wp-content\/uploads\/2015\/12\/FPP_3368.jpg 800w\" sizes=\"auto, (max-width: 474px) 100vw, 474px\" \/><\/p>\n<p>Estamos vivendo um per\u00edodo de crise que tem afetado algumas categorias e muitas ficaram at\u00e9 sem qualquer reajuste salarial, amargando perdas salariais e sociais.<\/p>\n<p>Mas, desde o in\u00edcio da nossa Campanha Salarial 2016 deixamos claro que n\u00e3o aceitar\u00edamos perdas ou qualquer retrocesso em nossas reivindica\u00e7\u00f5es e para isso, sempre podemos contar com o compromisso deste sindicato e a mobiliza\u00e7\u00e3o dos vigilantes para pressionarmos os patr\u00f5es e arrancar uma proposta que aponte para o avan\u00e7o e a vit\u00f3ria da categoria.<br \/>\nGra\u00e7as tamb\u00e9m ao hist\u00f3rico de lutas do Sindicato dos Vigilantes, um dos mais combativos do Pa\u00eds e que tem uma categoria corajosa e sempre disposta a lutar com muita garra e uni\u00e3o para ampliar as conquistas. Por isso, temos certeza que os empres\u00e1rios pensaram duas vezes antes de usarem a crise como motivo para n\u00e3o atender nossas reivindica\u00e7\u00f5es, mas a\u00ed se lembraram que os vigilantes do DF nunca ficaram sem o seu reajuste salarial . e a cada Campanha Salarial passaram a negociar dentro desta realidade, pois se necess\u00e1rio, iremos \u00e0 greve, com crise ou sem crise.<\/p>\n<p>Lembramos aos companheiros e companheiras o quanto \u00e9 importante a participa\u00e7\u00e3o de todos e todas em nossa pr\u00f3xima Assembleia Geral. Venham conhecer a contraproposta patronal e avaliar a mesma.<\/p>\n<p class=\"wpf_wrapper\"><a class=\"print_link\" href=\"\" target=\"_blank\">Preparar para impress\u00e3o<\/a><\/p><!-- .wpf_wrapper -->","protected":false},"excerpt":{"rendered":"<p>Conforme deliberado em nossa \u00faltima Assembleia Geral, quando ficou definido que se tivesse alguma proposta dos patr\u00f5es antes do dia&hellip; <\/p>\n","protected":false},"author":1,"featured_media":0,"comment_status":"closed","ping_status":"closed","sticky":false,"template":"","format":"standard","meta":{"footnotes":""},"categories":[7],"tags":[],"class_list":["post-5197","post","type-post","status-publish","format-standard","hentry","category-noticias"],"jetpack_featured_media_url":"","_links":{"self":[{"href":"https:\/\/sindesvdf.com.br\/news\/wp-json\/wp\/v2\/posts\/5197","targetHints":{"allow":["GET"]}}],"collection":[{"href":"https:\/\/sindesvdf.com.br\/news\/wp-json\/wp\/v2\/posts"}],"about":[{"href":"https:\/\/sindesvdf.com.br\/news\/wp-json\/wp\/v2\/types\/post"}],"author":[{"embeddable":true,"href":"https:\/\/sindesvdf.com.br\/news\/wp-json\/wp\/v2\/users\/1"}],"replies":[{"embeddable":true,"href":"https:\/\/sindesvdf.com.br\/news\/wp-json\/wp\/v2\/comments?post=5197"}],"version-history":[{"count":6,"href":"https:\/\/sindesvdf.com.br\/news\/wp-json\/wp\/v2\/posts\/5197\/revisions"}],"predecessor-version":[{"id":5305,"href":"https:\/\/sindesvdf.com.br\/news\/wp-json\/wp\/v2\/posts\/5197\/revisions\/5305"}],"wp:attachment":[{"href":"https:\/\/sindesvdf.com.br\/news\/wp-json\/wp\/v2\/media?parent=5197"}],"wp:term":[{"taxonomy":"category","embeddable":true,"href":"https:\/\/sindesvdf.com.br\/news\/wp-json\/wp\/v2\/categories?post=5197"},{"taxonomy":"post_tag","embeddable":true,"href":"https:\/\/sindesvdf.com.br\/news\/wp-json\/wp\/v2\/tags?post=5197"}],"curies":[{"name":"wp","href":"https:\/\/api.w.org\/{rel}","templated":true}]}}