{"id":5249,"date":"2016-01-08T15:03:16","date_gmt":"2016-01-08T17:03:16","guid":{"rendered":"http:\/\/sindesvdf.com.br\/news\/?p=5249"},"modified":"2016-01-13T14:39:20","modified_gmt":"2016-01-13T16:39:20","slug":"mais-uma-campanha-vitoriosa","status":"publish","type":"post","link":"https:\/\/sindesvdf.com.br\/news\/mais-uma-campanha-vitoriosa\/","title":{"rendered":"Mais uma campanha vitoriosa"},"content":{"rendered":"<h3 style=\"text-align: center;\"><strong>Com hist\u00f3rico de lutas, bravura e coragem, vigilantes arrancam 11,5% de reajuste na Campanha Salarial de 2016 e colocam crise para correr!<\/strong><\/h3>\n<p style=\"text-align: center;\">[metaslider id=5306]<\/p>\n<p style=\"text-align: justify;\">\nEsta foi uma Campanha Salarial diferente das de anos anteriores, pois a categoria estava extremamente preocupada com a tal crise e j\u00e1 acreditava que n\u00e3o ter\u00edamos reajuste salarial, uma vez que outras categorias no DF e no Brasil ficaram com reajuste zero ou \u00edndice muito abaixo da infla\u00e7\u00e3o.<br \/>\nDesde o in\u00edcio da nossa Campanha Salarial a dire\u00e7\u00e3o do Sindicato dos Vigilantes n\u00e3o se deixou intimidar por qualquer choradeira patronal e muito menos chantagem de crise e se manteve firme de que n\u00e3o arredar\u00edamos p\u00e9 de uma proposta que apontasse para reposi\u00e7\u00e3o da infla\u00e7\u00e3o do per\u00edodo mais ganho real. Aud\u00e1cia da dire\u00e7\u00e3o? De forma alguma. Sempre soubemos da for\u00e7a do Sindicato e da categoria para os enfrentamentos e, caso houvesse necessidade, at\u00e9 para uma greve. O fato \u00e9 que n\u00e3o sair\u00edamos de m\u00e3os abanando dessa Campanha Salarial.<br \/>\nForam mais de 10 rodadas de negocia\u00e7\u00e3o em que pouco se avan\u00e7ou, mas tivemos paci\u00eancia para negociar primeiro as cl\u00e1usulas sociais, avan\u00e7ando a cada reuni\u00e3o com os patr\u00f5es e quando chegou a Assembleia do dia 17\/12, realmente n\u00e3o havia qualquer proposta econ\u00f4mica por parte dos empres\u00e1rios. Ent\u00e3o a categoria aprovou uma nova assembleia para o dia 12\/01, j\u00e1 em estado de alerta, pois este era o prazo final para que fosse apresentada uma proposta decente. Mas n\u00e3o tivemos que esperar tanto pois com a continuidade das negocia\u00e7\u00f5es, conseguimos arrancar uma proposta faltando apenas dois dias para acabar o ano de 2015. Ent\u00e3o chamamos uma Assembleia de emerg\u00eancia para o dia 29\/12 e os vigilantes aprovaram a proposta patronal por unanimidade, sem nenhum voto contr\u00e1rio ou de absten\u00e7\u00e3o.<br \/>\nMais uma vez mostramos que a nossa unidade, mobiliza\u00e7\u00e3o e hist\u00f3rico de lutas foram fundamentais para mais essa vit\u00f3ria. Est\u00e3o todos de parab\u00e9ns: a categoria sempre combativa e com disposi\u00e7\u00e3o de luta, a dire\u00e7\u00e3o do Sindicato sempre firme nas rodadas de negocia\u00e7\u00e3o e o companheiro Chico Vigilante com seu apoio imprescind\u00edvel.<br \/>\nVamos em frente que 2016 est\u00e1 apenas come\u00e7ando, novos desafios ser\u00e3o colocados para todos n\u00f3s e estaremos firmes para defender as conquistas e os direitos de todos os vigilantes.<\/p>\n<hr \/>\n<h3 style=\"text-align: center;\"><strong>Al\u00e9m da crise, tamb\u00e9m botamos para correr a figura do vigilante horista<\/strong><\/h3>\n<p style=\"text-align: justify;\">Mais uma vez os empres\u00e1rios tentaram emplacar a figura do vigilante horista e mais uma vez enfrentaram a negativa da dire\u00e7\u00e3o do Sindicato, pois isto significa que muitos vigilantes trabalhariam algumas horas, folgavam outras tantas, voltavam mais algumas horas e no final do m\u00eas podiam receber at\u00e9 o sal\u00e1rio m\u00ednimo dependendo do quanto tivesse trabalhado. Enxotamos com firmeza e determina\u00e7\u00e3o essa horrenda proposta para bem longe da categoria.<\/p>\n<hr \/>\n<h3 style=\"text-align: center;\"><strong>Uma importante cl\u00e1usula da nossa CCT foi mantida<\/strong><\/h3>\n<p style=\"text-align: justify;\">H\u00e1 tempos atr\u00e1s toda vez que havia uma licita\u00e7\u00e3o e a mudan\u00e7a da empresa, os vigilantes eram sumariamente demitidos, o que desempregava muitos pais e m\u00e3es de fam\u00edlia. A rotatividade no setor de seguran\u00e7a privada era constante e dificultava at\u00e9 o trabalho do Sindicato e a sua estrutura, pois sempre est\u00e1vamos correndo para filiar os novos vigilantes que entravam no setor e muitos dos demitidos n\u00e3o conseguiam mais coloca\u00e7\u00e3o no mercado como vigilante.<br \/>\nOutro problema grande era o apadrinhamento pol\u00edtico. Vigilantes eram demitidos a pedido de pol\u00edticos para colocar seus apadrinhados no lugar, pessoas que nada tinham a ver com seguran\u00e7a privada, mas que o tal pol\u00edtico havia prometido de arrumar emprego. Isto tamb\u00e9m prejudicava a imagem da categoria com esses apadrinhados que nem sempre prestavam um bom servi\u00e7o.<br \/>\nFelizmente tudo isso acabou quase que totalmente quando conquistamos a cl\u00e1usula da continuidade, que consiste na contrata\u00e7\u00e3o dos vigilantes que j\u00e1 estavam em determinado posto de servi\u00e7o quando a sua empresa perde uma licita\u00e7\u00e3o e a outra assume. Ao longo dos anos, durante as nossas campanhas salariais as empresas t\u00eam feito de tudo para tirar essa cl\u00e1usula, mas n\u00f3s n\u00e3o permitimos e esta \u00e9 uma conquista da qual jamais abriremos m\u00e3o, pois ela vem salvando o emprego de muitos pais e m\u00e3es de fam\u00edlia.<\/p>\n<hr \/>\n<p>Veja como ficou a tabela salarial com os reajustes\u00a0<strong><a href=\"http:\/\/sindesvdf.com.br\/news\/tabelas-salariais\/\" target=\"_blank\">AQUI &gt;&gt;&gt;<\/a><\/strong><\/p>\n<p class=\"wpf_wrapper\"><a class=\"print_link\" href=\"\" target=\"_blank\">Preparar para impress\u00e3o<\/a><\/p><!-- .wpf_wrapper -->","protected":false},"excerpt":{"rendered":"<p>Com hist\u00f3rico de lutas, bravura e coragem, vigilantes arrancam 11,5% de reajuste na Campanha Salarial de 2016 e colocam crise&hellip; <\/p>\n","protected":false},"author":1,"featured_media":0,"comment_status":"closed","ping_status":"closed","sticky":false,"template":"","format":"standard","meta":{"footnotes":""},"categories":[7],"tags":[],"class_list":["post-5249","post","type-post","status-publish","format-standard","hentry","category-noticias"],"jetpack_featured_media_url":"","_links":{"self":[{"href":"https:\/\/sindesvdf.com.br\/news\/wp-json\/wp\/v2\/posts\/5249","targetHints":{"allow":["GET"]}}],"collection":[{"href":"https:\/\/sindesvdf.com.br\/news\/wp-json\/wp\/v2\/posts"}],"about":[{"href":"https:\/\/sindesvdf.com.br\/news\/wp-json\/wp\/v2\/types\/post"}],"author":[{"embeddable":true,"href":"https:\/\/sindesvdf.com.br\/news\/wp-json\/wp\/v2\/users\/1"}],"replies":[{"embeddable":true,"href":"https:\/\/sindesvdf.com.br\/news\/wp-json\/wp\/v2\/comments?post=5249"}],"version-history":[{"count":4,"href":"https:\/\/sindesvdf.com.br\/news\/wp-json\/wp\/v2\/posts\/5249\/revisions"}],"predecessor-version":[{"id":5324,"href":"https:\/\/sindesvdf.com.br\/news\/wp-json\/wp\/v2\/posts\/5249\/revisions\/5324"}],"wp:attachment":[{"href":"https:\/\/sindesvdf.com.br\/news\/wp-json\/wp\/v2\/media?parent=5249"}],"wp:term":[{"taxonomy":"category","embeddable":true,"href":"https:\/\/sindesvdf.com.br\/news\/wp-json\/wp\/v2\/categories?post=5249"},{"taxonomy":"post_tag","embeddable":true,"href":"https:\/\/sindesvdf.com.br\/news\/wp-json\/wp\/v2\/tags?post=5249"}],"curies":[{"name":"wp","href":"https:\/\/api.w.org\/{rel}","templated":true}]}}