{"id":5273,"date":"2016-01-12T15:13:32","date_gmt":"2016-01-12T17:13:32","guid":{"rendered":"http:\/\/sindesvdf.com.br\/news\/?p=5273"},"modified":"2016-01-13T12:31:30","modified_gmt":"2016-01-13T14:31:30","slug":"vigilante-e-baleado-durante-roubo-a-joalheria-no-lago-sul-em-brasilia","status":"publish","type":"post","link":"https:\/\/sindesvdf.com.br\/news\/vigilante-e-baleado-durante-roubo-a-joalheria-no-lago-sul-em-brasilia\/","title":{"rendered":"Vigilante \u00e9 baleado durante roubo a joalheria no Lago Sul, em Bras\u00edlia"},"content":{"rendered":"<p><img loading=\"lazy\" decoding=\"async\" class=\"aligncenter size-large wp-image-5274\" src=\"http:\/\/sindesvdf.com.br\/news\/wp-content\/uploads\/2016\/01\/Assalto-Joalheria_11-01-2016-790x523.png\" alt=\"Assalto Joalheria_11-01-2016\" width=\"790\" height=\"523\" srcset=\"https:\/\/sindesvdf.com.br\/news\/wp-content\/uploads\/2016\/01\/Assalto-Joalheria_11-01-2016-790x523.png 790w, https:\/\/sindesvdf.com.br\/news\/wp-content\/uploads\/2016\/01\/Assalto-Joalheria_11-01-2016-300x198.png 300w, https:\/\/sindesvdf.com.br\/news\/wp-content\/uploads\/2016\/01\/Assalto-Joalheria_11-01-2016-768x508.png 768w, https:\/\/sindesvdf.com.br\/news\/wp-content\/uploads\/2016\/01\/Assalto-Joalheria_11-01-2016.png 845w\" sizes=\"auto, (max-width: 790px) 100vw, 790px\" \/>Uma joalheria do Lago Sul, no Distrito Federal, foi assaltada na tarde de segunda-feira (11\/01). Um\u00a0vigilante\u00a0trocou tiros com um dos assaltantes e acabou baleado na perna. Ele foi\u00a0socorrido pelo Samu,\u00a0encaminhado para o Hospital de Base e passa bem.<\/p>\n<p>O estabelecimento fica na QI 5. De acordo com a PM, eram quatro homens, sendo que um deles estava armado. O vigilante chegou a disparar contra um dos envolvidos, mas n\u00e3o acertou o tiro.<\/p>\n<p>Os criminosos quebraram o vidro da loja usando uma marreta e levaram joias que estavam expostas. At\u00e9 a publica\u00e7\u00e3o desta reportagem n\u00e3o havia informa\u00e7\u00f5es sobre quanto o grupo roubou.<\/p>\n<p>A corpora\u00e7\u00e3o afirmou que fazia buscas pela \u00e1rea de S\u00e3o Sebasti\u00e3o por volta das 15h. Os suspeitos fugiram em dois carros, sendo um deles prata e o outro, preto.<\/p>\n<p style=\"text-align: right;\">Fonte: G1<\/p>\n<p style=\"text-align: left;\"><em>O Sindicato dos Vigilantes do DF (SINDESV-DF) j\u00e1 entrou em contato com o vigilante e est\u00e1 prestando toda assist\u00eancia necess\u00e1ria.<\/em><\/p>\n<p>&nbsp;<\/p>\n<p class=\"wpf_wrapper\"><a class=\"print_link\" href=\"\" target=\"_blank\">Preparar para impress\u00e3o<\/a><\/p><!-- .wpf_wrapper -->","protected":false},"excerpt":{"rendered":"<p>Uma joalheria do Lago Sul, no Distrito Federal, foi assaltada na tarde de segunda-feira (11\/01). Um\u00a0vigilante\u00a0trocou tiros com um dos&hellip; <\/p>\n","protected":false},"author":1,"featured_media":0,"comment_status":"closed","ping_status":"closed","sticky":false,"template":"","format":"standard","meta":{"footnotes":""},"categories":[7],"tags":[],"class_list":["post-5273","post","type-post","status-publish","format-standard","hentry","category-noticias"],"jetpack_featured_media_url":"","_links":{"self":[{"href":"https:\/\/sindesvdf.com.br\/news\/wp-json\/wp\/v2\/posts\/5273","targetHints":{"allow":["GET"]}}],"collection":[{"href":"https:\/\/sindesvdf.com.br\/news\/wp-json\/wp\/v2\/posts"}],"about":[{"href":"https:\/\/sindesvdf.com.br\/news\/wp-json\/wp\/v2\/types\/post"}],"author":[{"embeddable":true,"href":"https:\/\/sindesvdf.com.br\/news\/wp-json\/wp\/v2\/users\/1"}],"replies":[{"embeddable":true,"href":"https:\/\/sindesvdf.com.br\/news\/wp-json\/wp\/v2\/comments?post=5273"}],"version-history":[{"count":3,"href":"https:\/\/sindesvdf.com.br\/news\/wp-json\/wp\/v2\/posts\/5273\/revisions"}],"predecessor-version":[{"id":5280,"href":"https:\/\/sindesvdf.com.br\/news\/wp-json\/wp\/v2\/posts\/5273\/revisions\/5280"}],"wp:attachment":[{"href":"https:\/\/sindesvdf.com.br\/news\/wp-json\/wp\/v2\/media?parent=5273"}],"wp:term":[{"taxonomy":"category","embeddable":true,"href":"https:\/\/sindesvdf.com.br\/news\/wp-json\/wp\/v2\/categories?post=5273"},{"taxonomy":"post_tag","embeddable":true,"href":"https:\/\/sindesvdf.com.br\/news\/wp-json\/wp\/v2\/tags?post=5273"}],"curies":[{"name":"wp","href":"https:\/\/api.w.org\/{rel}","templated":true}]}}