{"id":5325,"date":"2016-01-13T15:44:30","date_gmt":"2016-01-13T17:44:30","guid":{"rendered":"http:\/\/sindesvdf.com.br\/news\/?p=5325"},"modified":"2016-01-13T15:51:42","modified_gmt":"2016-01-13T17:51:42","slug":"pl-que-aumenta-seguranca-em-lotericas-do-df-aguarda-sancao-do-governador","status":"publish","type":"post","link":"https:\/\/sindesvdf.com.br\/news\/pl-que-aumenta-seguranca-em-lotericas-do-df-aguarda-sancao-do-governador\/","title":{"rendered":"PL que aumenta seguran\u00e7a em lot\u00e9ricas do DF aguarda san\u00e7\u00e3o do governador"},"content":{"rendered":"<figure id=\"attachment_5327\" aria-describedby=\"caption-attachment-5327\" style=\"width: 790px\" class=\"wp-caption aligncenter\"><img loading=\"lazy\" decoding=\"async\" class=\"size-large wp-image-5327\" src=\"http:\/\/sindesvdf.com.br\/news\/wp-content\/uploads\/2016\/01\/2016.01.11.-Imagem-Lot\u00e9ricas-II-790x522.jpg\" alt=\"Apostadores fazem filas nas casas lot\u00e9ricas para apostas da Mega-Sena da Virada\" width=\"790\" height=\"522\" srcset=\"https:\/\/sindesvdf.com.br\/news\/wp-content\/uploads\/2016\/01\/2016.01.11.-Imagem-Lot\u00e9ricas-II-790x522.jpg 790w, https:\/\/sindesvdf.com.br\/news\/wp-content\/uploads\/2016\/01\/2016.01.11.-Imagem-Lot\u00e9ricas-II-300x198.jpg 300w, https:\/\/sindesvdf.com.br\/news\/wp-content\/uploads\/2016\/01\/2016.01.11.-Imagem-Lot\u00e9ricas-II-768x508.jpg 768w, https:\/\/sindesvdf.com.br\/news\/wp-content\/uploads\/2016\/01\/2016.01.11.-Imagem-Lot\u00e9ricas-II.jpg 900w\" sizes=\"auto, (max-width: 790px) 100vw, 790px\" \/><figcaption id=\"caption-attachment-5327\" class=\"wp-caption-text\">Apostadores fazem filas nas casas lot\u00e9ricas para apostas da Mega-Sena da Virada<\/figcaption><\/figure>\n<p>O ano de 2016 iniciou com grande expectativa pelos trabalhadores de lot\u00e9ricas, que anseiam pela san\u00e7\u00e3o do Projeto de Lei 219\/2011. Aprovado pela C\u00e2mara Legislativa do Distrito Federal na \u00faltima sess\u00e3o ordin\u00e1ria antes do recesso parlamentar, o projeto prev\u00ea a obrigatoriedade da contrata\u00e7\u00e3o de vigilantes nas casas lot\u00e9ricas. As unidades s\u00e3o frequentemente alvo de assalto por n\u00e3o contarem com o mesmo aparato de seguran\u00e7a das ag\u00eancias banc\u00e1rias, apesar da alta quantidade de transa\u00e7\u00f5es banc\u00e1rias realizadas e circula\u00e7\u00e3o de grandes quantias em dinheiro.<\/p>\n<p>De autoria do deputado distrital Chico Vigilante (PT-DF), o projeto \u00e9 uma reivindica\u00e7\u00e3o hist\u00f3rica n\u00e3o s\u00f3 dos vigilantes, mas tamb\u00e9m dos trabalhadores lot\u00e9ricos, que sofrem com a constante inseguran\u00e7a e com o medo de abordagens violentas.<\/p>\n<p><img loading=\"lazy\" decoding=\"async\" class=\"alignright wp-image-18848\" src=\"http:\/\/www.cutbrasilia.org.br\/site\/wp-content\/uploads\/2016\/01\/2016.01.12.-Imagem-Talita-R%C3%A9gia-1024x683.jpg\" sizes=\"auto, (max-width: 400px) 100vw, 400px\" srcset=\"http:\/\/www.cutbrasilia.org.br\/site\/wp-content\/uploads\/2016\/01\/2016.01.12.-Imagem-Talita-R\u00e9gia-300x200.jpg 300w, http:\/\/www.cutbrasilia.org.br\/site\/wp-content\/uploads\/2016\/01\/2016.01.12.-Imagem-Talita-R\u00e9gia-768x512.jpg 768w, http:\/\/www.cutbrasilia.org.br\/site\/wp-content\/uploads\/2016\/01\/2016.01.12.-Imagem-Talita-R\u00e9gia-1024x683.jpg 1024w, http:\/\/www.cutbrasilia.org.br\/site\/wp-content\/uploads\/2016\/01\/2016.01.12.-Imagem-Talita-R\u00e9gia-700x467.jpg 700w\" alt=\"2016.01.12. Imagem Talita R\u00e9gia\" width=\"400\" height=\"267\" \/><em>\u201cComo um estabelecimento de circula\u00e7\u00e3o de valores, as lot\u00e9ricas devem ter aparatos de seguran\u00e7a para preservar a vida, a sa\u00fade e a integridade dos trabalhadores. Muitas lot\u00e9ricas n\u00e3o possuem sequer o vidro blindado e outras est\u00e3o se adequando agora, o que torna o ambiente laboral dessas pessoas vulner\u00e1vel e faz com que elas se sintam tensionadas durante todo o per\u00edodo que est\u00e3o no trabalho\u201d<\/em>, explica a diretora do Sindicato dos Banc\u00e1rios de Bras\u00edlia, Talita R\u00e9gia.<\/p>\n<p>A sindicalista ainda afirma que, n\u00e3o raro, os trabalhadores de lot\u00e9ricas sofrem abordagens truculentas que ocasionam problemas como s\u00edndrome do p\u00e2nico e transtorno de ansiedade. \u201cQuerendo ou n\u00e3o, a presen\u00e7a de um vigilante inibe a a\u00e7\u00e3o criminosa, que n\u00e3o s\u00f3 causa danos patrimoniais como principalmente humanos\u201d, completa a diretora do Sindicato dos Banc\u00e1rios.<\/p>\n<p><img loading=\"lazy\" decoding=\"async\" class=\"wp-image-18849 alignleft\" src=\"http:\/\/www.cutbrasilia.org.br\/site\/wp-content\/uploads\/2016\/01\/2016.01.11.-Imagem-Chico-Vigilante-1024x678.jpg\" sizes=\"auto, (max-width: 400px) 100vw, 400px\" srcset=\"http:\/\/www.cutbrasilia.org.br\/site\/wp-content\/uploads\/2016\/01\/2016.01.11.-Imagem-Chico-Vigilante-300x199.jpg 300w, http:\/\/www.cutbrasilia.org.br\/site\/wp-content\/uploads\/2016\/01\/2016.01.11.-Imagem-Chico-Vigilante-768x509.jpg 768w, http:\/\/www.cutbrasilia.org.br\/site\/wp-content\/uploads\/2016\/01\/2016.01.11.-Imagem-Chico-Vigilante-1024x678.jpg 1024w, http:\/\/www.cutbrasilia.org.br\/site\/wp-content\/uploads\/2016\/01\/2016.01.11.-Imagem-Chico-Vigilante-700x464.jpg 700w\" alt=\"2016.01.11. Imagem Chico Vigilante\" width=\"389\" height=\"258\" \/>Para o deputado Chico Vigilante, o PL 219\/2011 tamb\u00e9m \u00e9 uma pauta importante para os trabalhadores do setor de vigil\u00e2ncia, uma vez que gera emprego e renda. <em>\u201cDesde 2011, venho batalhando para que esta Lei seja aprovada. Felizmente, a C\u00e2mara Legislativa deu um belo exemplo n\u00e3o s\u00f3 para os vigilantes e trabalhadores lot\u00e9ricos que j\u00e1 lutavam por isso, mas principalmente para a popula\u00e7\u00e3o que fica vulner\u00e1vel aos ataques quando realizam servi\u00e7os financeiros em locais que n\u00e3o disp\u00f5em de seguran\u00e7a alguma\u201d<\/em>, explica o parlamentar.<\/p>\n<p><img loading=\"lazy\" decoding=\"async\" class=\"alignright wp-image-18850\" src=\"http:\/\/www.cutbrasilia.org.br\/site\/wp-content\/uploads\/2016\/01\/manifesta%C3%A7%C3%A3o-na-embaixada-do-chile-002-1024x768.jpg\" sizes=\"auto, (max-width: 400px) 100vw, 400px\" srcset=\"http:\/\/www.cutbrasilia.org.br\/site\/wp-content\/uploads\/2016\/01\/manifesta\u00e7\u00e3o-na-embaixada-do-chile-002-300x225.jpg 300w, http:\/\/www.cutbrasilia.org.br\/site\/wp-content\/uploads\/2016\/01\/manifesta\u00e7\u00e3o-na-embaixada-do-chile-002-768x576.jpg 768w, http:\/\/www.cutbrasilia.org.br\/site\/wp-content\/uploads\/2016\/01\/manifesta\u00e7\u00e3o-na-embaixada-do-chile-002-1024x768.jpg 1024w, http:\/\/www.cutbrasilia.org.br\/site\/wp-content\/uploads\/2016\/01\/manifesta\u00e7\u00e3o-na-embaixada-do-chile-002-700x525.jpg 700w\" alt=\"manifesta\u00e7\u00e3o na embaixada do chile 002\" width=\"400\" height=\"300\" \/><em>\u201cConsideramos que a aprova\u00e7\u00e3o desse Projeto trar\u00e1 muitos avan\u00e7os para os trabalhadores, clientes e usu\u00e1rios dos servi\u00e7os prestados pelas unidades lot\u00e9ricas. Entendemos que s\u00f3 foi poss\u00edvel essa vit\u00f3ria com base na luta da classe trabalhadora, pois o patronato que visa sempre o corte de despesas e excesso de lucros, jamais tomaria essa iniciativa. At\u00e9 pouco tempo atr\u00e1s, essas unidades n\u00e3o possu\u00edam sequer a obrigatoriedade de ter seus valores recolhidos por carro forte\u201d<\/em>, considera o presidente da Federa\u00e7\u00e3o dos Trabalhadores no Com\u00e9rcio e no Setor de Servi\u00e7os do DF, Washington Neves.<\/p>\n<p>A CUT Bras\u00edlia, a Federa\u00e7\u00e3o dos Trabalhadores no Com\u00e9rcio e no Setor de Servi\u00e7os do DF \u2013 Fetracom, a Federa\u00e7\u00e3o dos Trabalhadores em Empresas de Cr\u00e9dito da Regi\u00e3o Centro Norte \u2013 Fetec-CUT\/CN, o Sindicato dos Banc\u00e1rios de Bras\u00edlia e o Sindicato dos Vigilantes do DF v\u00e3o procurar o Governo do Distrito Federal para refor\u00e7ar a necessidade de sancionar a Lei 219\/2011 e mostrar compromisso com a seguran\u00e7a dos trabalhadores, clientes e usu\u00e1rios das unidades lot\u00e9ricas.<\/p>\n<p style=\"text-align: right;\"><em>Fonte: CUT Bras\u00edlia<\/em><\/p>\n<p class=\"wpf_wrapper\"><a class=\"print_link\" href=\"\" target=\"_blank\">Preparar para impress\u00e3o<\/a><\/p><!-- .wpf_wrapper -->","protected":false},"excerpt":{"rendered":"<p>O ano de 2016 iniciou com grande expectativa pelos trabalhadores de lot\u00e9ricas, que anseiam pela san\u00e7\u00e3o do Projeto de Lei&hellip; <\/p>\n","protected":false},"author":1,"featured_media":0,"comment_status":"closed","ping_status":"closed","sticky":false,"template":"","format":"standard","meta":{"footnotes":""},"categories":[7],"tags":[],"class_list":["post-5325","post","type-post","status-publish","format-standard","hentry","category-noticias"],"jetpack_featured_media_url":"","_links":{"self":[{"href":"https:\/\/sindesvdf.com.br\/news\/wp-json\/wp\/v2\/posts\/5325","targetHints":{"allow":["GET"]}}],"collection":[{"href":"https:\/\/sindesvdf.com.br\/news\/wp-json\/wp\/v2\/posts"}],"about":[{"href":"https:\/\/sindesvdf.com.br\/news\/wp-json\/wp\/v2\/types\/post"}],"author":[{"embeddable":true,"href":"https:\/\/sindesvdf.com.br\/news\/wp-json\/wp\/v2\/users\/1"}],"replies":[{"embeddable":true,"href":"https:\/\/sindesvdf.com.br\/news\/wp-json\/wp\/v2\/comments?post=5325"}],"version-history":[{"count":4,"href":"https:\/\/sindesvdf.com.br\/news\/wp-json\/wp\/v2\/posts\/5325\/revisions"}],"predecessor-version":[{"id":5330,"href":"https:\/\/sindesvdf.com.br\/news\/wp-json\/wp\/v2\/posts\/5325\/revisions\/5330"}],"wp:attachment":[{"href":"https:\/\/sindesvdf.com.br\/news\/wp-json\/wp\/v2\/media?parent=5325"}],"wp:term":[{"taxonomy":"category","embeddable":true,"href":"https:\/\/sindesvdf.com.br\/news\/wp-json\/wp\/v2\/categories?post=5325"},{"taxonomy":"post_tag","embeddable":true,"href":"https:\/\/sindesvdf.com.br\/news\/wp-json\/wp\/v2\/tags?post=5325"}],"curies":[{"name":"wp","href":"https:\/\/api.w.org\/{rel}","templated":true}]}}