{"id":5347,"date":"2016-01-18T12:39:10","date_gmt":"2016-01-18T14:39:10","guid":{"rendered":"http:\/\/sindesvdf.com.br\/news\/?p=5347"},"modified":"2016-01-18T12:39:10","modified_gmt":"2016-01-18T14:39:10","slug":"campanha-salarial-de-2016-dos-vigilantes","status":"publish","type":"post","link":"https:\/\/sindesvdf.com.br\/news\/campanha-salarial-de-2016-dos-vigilantes\/","title":{"rendered":"CAMPANHA SALARIAL DE 2016 DOS VIGILANTES"},"content":{"rendered":"<p>Na noite desta ter\u00e7a-feira (29), os vigilantes de Bras\u00edlia encerraram a campanha salarial de 2016.<\/p>\n<p>A proposta constru\u00edda entre o Sindicato dos Vigilantes e o Sindicato Patronal foi aprovada por unanimidade.<\/p>\n<p>Devido a conjuntura econ\u00f4mica do pa\u00eds, pode-se considerar que a proposta \u00e9 razo\u00e1vel.<\/p>\n<p>Assista!<\/p>\n<div style=\"width: 400px;\" class=\"wp-video\"><video class=\"wp-video-shortcode\" id=\"video-5347-1\" width=\"400\" height=\"224\" preload=\"metadata\" controls=\"controls\"><source type=\"video\/mp4\" src=\"http:\/\/sindesvdf.com.br\/news\/wp-content\/uploads\/2014\/04\/Fala-Chico_12.mp4?_=1\" \/><a href=\"http:\/\/sindesvdf.com.br\/news\/wp-content\/uploads\/2014\/04\/Fala-Chico_12.mp4\">http:\/\/sindesvdf.com.br\/news\/wp-content\/uploads\/2014\/04\/Fala-Chico_12.mp4<\/a><\/video><\/div>\n<p class=\"wpf_wrapper\"><a class=\"print_link\" href=\"\" target=\"_blank\">Preparar para impress\u00e3o<\/a><\/p><!-- .wpf_wrapper -->","protected":false},"excerpt":{"rendered":"<p>Na noite desta ter\u00e7a-feira (29), os vigilantes de Bras\u00edlia encerraram a campanha salarial de 2016. A proposta constru\u00edda entre o&hellip; <\/p>\n","protected":false},"author":1,"featured_media":0,"comment_status":"closed","ping_status":"closed","sticky":false,"template":"","format":"standard","meta":{"footnotes":""},"categories":[],"tags":[],"class_list":["post-5347","post","type-post","status-publish","format-standard","hentry"],"jetpack_featured_media_url":"","_links":{"self":[{"href":"https:\/\/sindesvdf.com.br\/news\/wp-json\/wp\/v2\/posts\/5347","targetHints":{"allow":["GET"]}}],"collection":[{"href":"https:\/\/sindesvdf.com.br\/news\/wp-json\/wp\/v2\/posts"}],"about":[{"href":"https:\/\/sindesvdf.com.br\/news\/wp-json\/wp\/v2\/types\/post"}],"author":[{"embeddable":true,"href":"https:\/\/sindesvdf.com.br\/news\/wp-json\/wp\/v2\/users\/1"}],"replies":[{"embeddable":true,"href":"https:\/\/sindesvdf.com.br\/news\/wp-json\/wp\/v2\/comments?post=5347"}],"version-history":[{"count":2,"href":"https:\/\/sindesvdf.com.br\/news\/wp-json\/wp\/v2\/posts\/5347\/revisions"}],"predecessor-version":[{"id":5349,"href":"https:\/\/sindesvdf.com.br\/news\/wp-json\/wp\/v2\/posts\/5347\/revisions\/5349"}],"wp:attachment":[{"href":"https:\/\/sindesvdf.com.br\/news\/wp-json\/wp\/v2\/media?parent=5347"}],"wp:term":[{"taxonomy":"category","embeddable":true,"href":"https:\/\/sindesvdf.com.br\/news\/wp-json\/wp\/v2\/categories?post=5347"},{"taxonomy":"post_tag","embeddable":true,"href":"https:\/\/sindesvdf.com.br\/news\/wp-json\/wp\/v2\/tags?post=5347"}],"curies":[{"name":"wp","href":"https:\/\/api.w.org\/{rel}","templated":true}]}}