{"id":5350,"date":"2016-01-18T12:42:11","date_gmt":"2016-01-18T14:42:11","guid":{"rendered":"http:\/\/sindesvdf.com.br\/news\/?p=5350"},"modified":"2016-01-19T11:15:35","modified_gmt":"2016-01-19T13:15:35","slug":"aos-vigilantes-de-todo-pais","status":"publish","type":"post","link":"https:\/\/sindesvdf.com.br\/news\/aos-vigilantes-de-todo-pais\/","title":{"rendered":"AOS VIGILANTES DE TODO PA\u00cdS"},"content":{"rendered":"<p>Neste v\u00eddeo, quero dialogar com Meus colegas vigilantes sobre a reuni\u00e3o que participei durante todo o dia 14 de janeiro, na Confedera\u00e7\u00e3o Nacional dos Trabalhadores Vigilantes.<\/p>\n<p>Na reuni\u00e3o, que contou com representa\u00e7\u00f5es de todo Pa\u00eds, tra\u00e7amos estrat\u00e9gias e deliberamos algumas frentes de luta para este ano de 2016.<\/p>\n<div class=\"text_exposed_show\">\n<p>Assista ao v\u00eddeo e fique sabendo que estamos na luta por voc\u00ea.<br \/>\nSe voc\u00ea ainda n\u00e3o est\u00e1 filiado ao seu sindicato, fa\u00e7a isso hoje mesmo.<br \/>\n2016 ser\u00e1 um ano de muitas batalhas para n\u00f3s.<\/p>\n<p>Vamos juntos!<\/p>\n<div style=\"width: 400px;\" class=\"wp-video\"><video class=\"wp-video-shortcode\" id=\"video-5350-1\" width=\"400\" height=\"224\" preload=\"metadata\" controls=\"controls\"><source type=\"video\/mp4\" src=\"http:\/\/sindesvdf.com.br\/news\/wp-content\/uploads\/2016\/01\/Fala-Chico_13.mp4?_=1\" \/><a href=\"http:\/\/sindesvdf.com.br\/news\/wp-content\/uploads\/2016\/01\/Fala-Chico_13.mp4\">http:\/\/sindesvdf.com.br\/news\/wp-content\/uploads\/2016\/01\/Fala-Chico_13.mp4<\/a><\/video><\/div>\n<\/div>\n<p class=\"wpf_wrapper\"><a class=\"print_link\" href=\"\" target=\"_blank\">Preparar para impress\u00e3o<\/a><\/p><!-- .wpf_wrapper -->","protected":false},"excerpt":{"rendered":"<p>Neste v\u00eddeo, quero dialogar com Meus colegas vigilantes sobre a reuni\u00e3o que participei durante todo o dia 14 de janeiro,&hellip; <\/p>\n","protected":false},"author":1,"featured_media":0,"comment_status":"closed","ping_status":"closed","sticky":false,"template":"","format":"standard","meta":{"footnotes":""},"categories":[7],"tags":[],"class_list":["post-5350","post","type-post","status-publish","format-standard","hentry","category-noticias"],"jetpack_featured_media_url":"","_links":{"self":[{"href":"https:\/\/sindesvdf.com.br\/news\/wp-json\/wp\/v2\/posts\/5350","targetHints":{"allow":["GET"]}}],"collection":[{"href":"https:\/\/sindesvdf.com.br\/news\/wp-json\/wp\/v2\/posts"}],"about":[{"href":"https:\/\/sindesvdf.com.br\/news\/wp-json\/wp\/v2\/types\/post"}],"author":[{"embeddable":true,"href":"https:\/\/sindesvdf.com.br\/news\/wp-json\/wp\/v2\/users\/1"}],"replies":[{"embeddable":true,"href":"https:\/\/sindesvdf.com.br\/news\/wp-json\/wp\/v2\/comments?post=5350"}],"version-history":[{"count":1,"href":"https:\/\/sindesvdf.com.br\/news\/wp-json\/wp\/v2\/posts\/5350\/revisions"}],"predecessor-version":[{"id":5351,"href":"https:\/\/sindesvdf.com.br\/news\/wp-json\/wp\/v2\/posts\/5350\/revisions\/5351"}],"wp:attachment":[{"href":"https:\/\/sindesvdf.com.br\/news\/wp-json\/wp\/v2\/media?parent=5350"}],"wp:term":[{"taxonomy":"category","embeddable":true,"href":"https:\/\/sindesvdf.com.br\/news\/wp-json\/wp\/v2\/categories?post=5350"},{"taxonomy":"post_tag","embeddable":true,"href":"https:\/\/sindesvdf.com.br\/news\/wp-json\/wp\/v2\/tags?post=5350"}],"curies":[{"name":"wp","href":"https:\/\/api.w.org\/{rel}","templated":true}]}}