{"id":5376,"date":"2016-01-21T08:17:24","date_gmt":"2016-01-21T10:17:24","guid":{"rendered":"http:\/\/sindesvdf.com.br\/news\/?p=5376"},"modified":"2016-01-22T14:16:20","modified_gmt":"2016-01-22T16:16:20","slug":"cct-assinada-e-homologada","status":"publish","type":"post","link":"https:\/\/sindesvdf.com.br\/news\/cct-assinada-e-homologada\/","title":{"rendered":"CCT assinada e homologada"},"content":{"rendered":"<p><img loading=\"lazy\" decoding=\"async\" class=\"aligncenter size-large wp-image-5377\" src=\"http:\/\/sindesvdf.com.br\/news\/wp-content\/uploads\/2016\/01\/cct-790x494.jpg\" alt=\"cct\" width=\"790\" height=\"494\" srcset=\"https:\/\/sindesvdf.com.br\/news\/wp-content\/uploads\/2016\/01\/cct-790x494.jpg 790w, https:\/\/sindesvdf.com.br\/news\/wp-content\/uploads\/2016\/01\/cct-300x188.jpg 300w, https:\/\/sindesvdf.com.br\/news\/wp-content\/uploads\/2016\/01\/cct-768x480.jpg 768w, https:\/\/sindesvdf.com.br\/news\/wp-content\/uploads\/2016\/01\/cct.jpg 1600w\" sizes=\"auto, (max-width: 790px) 100vw, 790px\" \/>Nossa Conven\u00e7\u00e3o Coletiva de Trabalho &#8211;\u00a02016 (CCT 2016) anteriormente assinada pelos representantes do Sindicato dos Vigilantes do DF (SINDESV-DF) e pelo sindicato patronal, foi encaminhada ao\u00a0MTE e na tarde desta quarta-feira (20\/01) tivemos a confirma\u00e7\u00e3o do registro.<\/p>\n<table>\n<tbody>\n<tr>\n<td><strong>N\u00daMERO DE REGISTRO NO MTE:<\/strong><\/td>\n<td width=\"10\"><\/td>\n<td>DF000010\/2016<\/td>\n<\/tr>\n<tr>\n<td><strong>DATA DE REGISTRO NO MTE:<\/strong><\/td>\n<td width=\"10\"><\/td>\n<td>20\/01\/2016<\/td>\n<\/tr>\n<tr>\n<td><strong>N\u00daMERO DA SOLICITA\u00c7\u00c3O:<\/strong><\/td>\n<td width=\"10\"><\/td>\n<td>MR002949\/2016<\/td>\n<\/tr>\n<tr>\n<td><strong>N\u00daMERO DO PROCESSO:<\/strong><\/td>\n<td width=\"10\"><\/td>\n<td>46206.000139\/2016-13<\/td>\n<\/tr>\n<tr>\n<td><strong>DATA DO PROTOCOLO:<\/strong><\/td>\n<td width=\"10\"><\/td>\n<td>20\/01\/2016<\/td>\n<\/tr>\n<\/tbody>\n<\/table>\n<p><span style=\"font-size: 18px;\">Confira a autenticidade do registro no endere\u00e7o<strong> <a href=\"http:\/\/www3.mte.gov.br\/sistemas\/mediador\/\" target=\"_blank\">http:\/\/www3.mte.gov.br\/sistemas\/mediador\/<\/a>.<\/strong><\/span><\/p>\n<p style=\"text-align: center;\"><span style=\"font-size: 18px;\">Veja a CCT 2016 <strong><a href=\"http:\/\/sindesvdf.com.br\/news\/wp-content\/uploads\/2016\/01\/CCT-2016.pdf\" target=\"_blank\">AQUI<\/a>.<\/strong><\/span><\/p>\n<p class=\"wpf_wrapper\"><a class=\"print_link\" href=\"\" target=\"_blank\">Preparar para impress\u00e3o<\/a><\/p><!-- .wpf_wrapper -->","protected":false},"excerpt":{"rendered":"<p>Nossa Conven\u00e7\u00e3o Coletiva de Trabalho &#8211;\u00a02016 (CCT 2016) anteriormente assinada pelos representantes do Sindicato dos Vigilantes do DF (SINDESV-DF) e&hellip; <\/p>\n","protected":false},"author":1,"featured_media":0,"comment_status":"closed","ping_status":"closed","sticky":false,"template":"","format":"standard","meta":{"footnotes":""},"categories":[7],"tags":[],"class_list":["post-5376","post","type-post","status-publish","format-standard","hentry","category-noticias"],"jetpack_featured_media_url":"","_links":{"self":[{"href":"https:\/\/sindesvdf.com.br\/news\/wp-json\/wp\/v2\/posts\/5376","targetHints":{"allow":["GET"]}}],"collection":[{"href":"https:\/\/sindesvdf.com.br\/news\/wp-json\/wp\/v2\/posts"}],"about":[{"href":"https:\/\/sindesvdf.com.br\/news\/wp-json\/wp\/v2\/types\/post"}],"author":[{"embeddable":true,"href":"https:\/\/sindesvdf.com.br\/news\/wp-json\/wp\/v2\/users\/1"}],"replies":[{"embeddable":true,"href":"https:\/\/sindesvdf.com.br\/news\/wp-json\/wp\/v2\/comments?post=5376"}],"version-history":[{"count":2,"href":"https:\/\/sindesvdf.com.br\/news\/wp-json\/wp\/v2\/posts\/5376\/revisions"}],"predecessor-version":[{"id":5389,"href":"https:\/\/sindesvdf.com.br\/news\/wp-json\/wp\/v2\/posts\/5376\/revisions\/5389"}],"wp:attachment":[{"href":"https:\/\/sindesvdf.com.br\/news\/wp-json\/wp\/v2\/media?parent=5376"}],"wp:term":[{"taxonomy":"category","embeddable":true,"href":"https:\/\/sindesvdf.com.br\/news\/wp-json\/wp\/v2\/categories?post=5376"},{"taxonomy":"post_tag","embeddable":true,"href":"https:\/\/sindesvdf.com.br\/news\/wp-json\/wp\/v2\/tags?post=5376"}],"curies":[{"name":"wp","href":"https:\/\/api.w.org\/{rel}","templated":true}]}}