{"id":5390,"date":"2016-01-22T14:38:42","date_gmt":"2016-01-22T16:38:42","guid":{"rendered":"http:\/\/sindesvdf.com.br\/news\/?p=5390"},"modified":"2016-01-22T15:07:07","modified_gmt":"2016-01-22T17:07:07","slug":"vigilantes-uni-vos","status":"publish","type":"post","link":"https:\/\/sindesvdf.com.br\/news\/vigilantes-uni-vos\/","title":{"rendered":"Vigilantes, uni-vos!"},"content":{"rendered":"<p>Mais uma vez, quero dialogar atrav\u00e9s deste v\u00eddeo com meus colegas vigilantes de todo Pa\u00eds. Falo sobre a nossa luta por melhores sal\u00e1rios, que deveriam ter isonomia nacional.<\/p>\n<p>Nosso desafio \u00e9 unir os vigilantes de todo Brasil. Entre nesta luta, filie-se ao seu sindicato e vamos conquistar de uma vez por todas o Piso Salarial Nacional.<\/p>\n<div class=\"text_exposed_show\">\n<p>Nossa categoria merece respeito!<\/p>\n<div style=\"width: 400px;\" class=\"wp-video\"><video class=\"wp-video-shortcode\" id=\"video-5390-1\" width=\"400\" height=\"224\" preload=\"metadata\" controls=\"controls\"><source type=\"video\/mp4\" src=\"http:\/\/sindesvdf.com.br\/news\/wp-content\/uploads\/2016\/01\/Fala-Chico_14.mp4?_=1\" \/><a href=\"http:\/\/sindesvdf.com.br\/news\/wp-content\/uploads\/2016\/01\/Fala-Chico_14.mp4\">http:\/\/sindesvdf.com.br\/news\/wp-content\/uploads\/2016\/01\/Fala-Chico_14.mp4<\/a><\/video><\/div>\n<\/div>\n<p class=\"wpf_wrapper\"><a class=\"print_link\" href=\"\" target=\"_blank\">Preparar para impress\u00e3o<\/a><\/p><!-- .wpf_wrapper -->","protected":false},"excerpt":{"rendered":"<p>Mais uma vez, quero dialogar atrav\u00e9s deste v\u00eddeo com meus colegas vigilantes de todo Pa\u00eds. Falo sobre a nossa luta&hellip; <\/p>\n","protected":false},"author":1,"featured_media":0,"comment_status":"closed","ping_status":"closed","sticky":false,"template":"","format":"standard","meta":{"footnotes":""},"categories":[7],"tags":[],"class_list":["post-5390","post","type-post","status-publish","format-standard","hentry","category-noticias"],"jetpack_featured_media_url":"","_links":{"self":[{"href":"https:\/\/sindesvdf.com.br\/news\/wp-json\/wp\/v2\/posts\/5390","targetHints":{"allow":["GET"]}}],"collection":[{"href":"https:\/\/sindesvdf.com.br\/news\/wp-json\/wp\/v2\/posts"}],"about":[{"href":"https:\/\/sindesvdf.com.br\/news\/wp-json\/wp\/v2\/types\/post"}],"author":[{"embeddable":true,"href":"https:\/\/sindesvdf.com.br\/news\/wp-json\/wp\/v2\/users\/1"}],"replies":[{"embeddable":true,"href":"https:\/\/sindesvdf.com.br\/news\/wp-json\/wp\/v2\/comments?post=5390"}],"version-history":[{"count":4,"href":"https:\/\/sindesvdf.com.br\/news\/wp-json\/wp\/v2\/posts\/5390\/revisions"}],"predecessor-version":[{"id":5395,"href":"https:\/\/sindesvdf.com.br\/news\/wp-json\/wp\/v2\/posts\/5390\/revisions\/5395"}],"wp:attachment":[{"href":"https:\/\/sindesvdf.com.br\/news\/wp-json\/wp\/v2\/media?parent=5390"}],"wp:term":[{"taxonomy":"category","embeddable":true,"href":"https:\/\/sindesvdf.com.br\/news\/wp-json\/wp\/v2\/categories?post=5390"},{"taxonomy":"post_tag","embeddable":true,"href":"https:\/\/sindesvdf.com.br\/news\/wp-json\/wp\/v2\/tags?post=5390"}],"curies":[{"name":"wp","href":"https:\/\/api.w.org\/{rel}","templated":true}]}}